{"id":14772,"date":"2024-03-09T07:02:37","date_gmt":"2024-03-09T06:02:37","guid":{"rendered":"https:\/\/fdp-aktiv.de\/blog\/?p=14772"},"modified":"2024-03-09T07:03:00","modified_gmt":"2024-03-09T06:03:00","slug":"baden-wuerttemberg-jung-bahn-streik-erfordert-sofortige-schlichtung","status":"publish","type":"post","link":"https:\/\/fdp-aktiv.de\/blog\/2024\/03\/09\/baden-wuerttemberg-jung-bahn-streik-erfordert-sofortige-schlichtung\/","title":{"rendered":"Baden-W\u00fcrttemberg &#8211; Jung: Bahn-Streik erfordert sofortige Schlichtung"},"content":{"rendered":"<p>Wesen des Kompromisses ist Verhandlungsf\u00e4higkeit<\/p>\n<p>Zur Kritik des Landes-Verkehrsministers Winfried Hermann an den Streiks der GdL sagte der verkehrspolitische Sprecher der FDP\/DVP-Fraktion, <strong>Dr.\u00a0Christian Jung<\/strong>:<\/p>\n<p>\u201eDie festgefahrene Streik-Situation ruft geradezu nach einer sofortigen Schlichtung. Es wurde bereits mit externen Moderatoren vorverhandelt. Die volkswirtschaftlichen Belastungen und erst recht diejenigen der Pendlerinnen und Pendler m\u00fcssen in die Betrachtung einbezogen werden. Wesen eines Kompromisses, ohne den es auch in Tariffragen nicht geht, ist, dass man \u00fcberhaupt verhandlungsf\u00e4hig ist. Es darf nicht der Eindruck entstehen, dem GdL-Chef gehe es vor seinem anstehenden Abgang darum, sich ein Denkmal in Gestalt der 35-Stunden-Woche zu schaffen. W\u00e4ren Lokf\u00fchrer Landesbeamte, h\u00e4tten sie eine 41-Stunden-Woche.\u201c<\/p>\n","protected":false},"excerpt":{"rendered":"<p>Wesen des Kompromisses ist Verhandlungsf\u00e4higkeit Zur Kritik des Landes-Verkehrsministers Winfried Hermann an den Streiks der GdL sagte der verkehrspolitische Sprecher der FDP\/DVP-Fraktion, Dr.\u00a0Christian Jung: \u201eDie festgefahrene Streik-Situation ruft geradezu nach [&#8230;]<\/p>\n","protected":false},"author":1,"featured_media":1590,"comment_status":"open","ping_status":"closed","sticky":false,"template":"","format":"standard","meta":{"footnotes":""},"categories":[144],"tags":[3957,874,650],"class_list":["post-14772","post","type-post","status-publish","format-standard","has-post-thumbnail","hentry","category-verkehr-innenpolitik","tag-bahnstreik","tag-dr-christian-jung","tag-fdp-dvp"],"_links":{"self":[{"href":"https:\/\/fdp-aktiv.de\/blog\/wp-json\/wp\/v2\/posts\/14772","targetHints":{"allow":["GET"]}}],"collection":[{"href":"https:\/\/fdp-aktiv.de\/blog\/wp-json\/wp\/v2\/posts"}],"about":[{"href":"https:\/\/fdp-aktiv.de\/blog\/wp-json\/wp\/v2\/types\/post"}],"author":[{"embeddable":true,"href":"https:\/\/fdp-aktiv.de\/blog\/wp-json\/wp\/v2\/users\/1"}],"replies":[{"embeddable":true,"href":"https:\/\/fdp-aktiv.de\/blog\/wp-json\/wp\/v2\/comments?post=14772"}],"version-history":[{"count":1,"href":"https:\/\/fdp-aktiv.de\/blog\/wp-json\/wp\/v2\/posts\/14772\/revisions"}],"predecessor-version":[{"id":14773,"href":"https:\/\/fdp-aktiv.de\/blog\/wp-json\/wp\/v2\/posts\/14772\/revisions\/14773"}],"wp:featuredmedia":[{"embeddable":true,"href":"https:\/\/fdp-aktiv.de\/blog\/wp-json\/wp\/v2\/media\/1590"}],"wp:attachment":[{"href":"https:\/\/fdp-aktiv.de\/blog\/wp-json\/wp\/v2\/media?parent=14772"}],"wp:term":[{"taxonomy":"category","embeddable":true,"href":"https:\/\/fdp-aktiv.de\/blog\/wp-json\/wp\/v2\/categories?post=14772"},{"taxonomy":"post_tag","embeddable":true,"href":"https:\/\/fdp-aktiv.de\/blog\/wp-json\/wp\/v2\/tags?post=14772"}],"curies":[{"name":"wp","href":"https:\/\/api.w.org\/{rel}","templated":true}]}}