{"id":1486,"date":"2021-05-31T09:40:16","date_gmt":"2021-05-31T07:40:16","guid":{"rendered":"https:\/\/fdp-aktiv.de\/blog\/?p=1486"},"modified":"2021-05-31T09:40:16","modified_gmt":"2021-05-31T07:40:16","slug":"luksic-land-muss-langsam-zurueck-zur-normalitaet","status":"publish","type":"post","link":"https:\/\/fdp-aktiv.de\/blog\/2021\/05\/31\/luksic-land-muss-langsam-zurueck-zur-normalitaet\/","title":{"rendered":"Luksic: Land muss langsam zur\u00fcck zur Normalit\u00e4t"},"content":{"rendered":"<p>Angesichts eines im Saarland und \u00fcber die Grenzen hinweg stark r\u00fcckl\u00e4ufigen Infektionsgeschehen fordern die Freien Demokraten an der Saar die Landesregierung zum Handeln auf. Der Landesvorsitzende Oliver Luksic (MdB):<\/p>\n<figure id=\"attachment_1484\" aria-describedby=\"caption-attachment-1484\" style=\"width: 652px\" class=\"wp-caption alignnone\"><img loading=\"lazy\" decoding=\"async\" class=\"size-full wp-image-1484\" src=\"https:\/\/fdp-aktiv.de\/blog\/wp-content\/uploads\/2021\/05\/luksic-oliver-fdp.jpg\" alt=\"Oliver Luksic, FDP\" width=\"652\" height=\"368\" srcset=\"https:\/\/fdp-aktiv.de\/blog\/wp-content\/uploads\/2021\/05\/luksic-oliver-fdp.jpg 652w, https:\/\/fdp-aktiv.de\/blog\/wp-content\/uploads\/2021\/05\/luksic-oliver-fdp-300x169.jpg 300w\" sizes=\"auto, (max-width: 652px) 100vw, 652px\" \/><figcaption id=\"caption-attachment-1484\" class=\"wp-caption-text\">Oliver Luksic, FDP<\/figcaption><\/figure>\n<p>\u201eSowohl die Inzidenzzahlen als auch die Belegung der Intensivbetten sind mittlerweile niedrig, knapp die H\u00e4lfte der saarl\u00e4ndischen Bev\u00f6lkerung ist einmal geimpft, auch angesichts der saisonalen Entwicklung wird das Infektionsgeschehen weiter sinken. Im Saarland stehen die Ampeln auf Gelb, w\u00e4hrend um uns herum bereits erfolgreich weiter gelockert wird. Im Landkreis Merzig ist die Inzidenz bereits unter 20, es ist fahrl\u00e4ssig hier weiter das gesellschaftliche und wirtschaftliche Leben so stark runterzufahren. Die Landesregierung sollte zu den Regeln zur\u00fcckkehren, die im vergangenen Sommer galten, also Hygienekonzepte, Masken und Kontaktverfolgung. Eine Testpflicht sollte nur dort bestehen bleiben, wo diese Regeln nicht gut eingehalten werden k\u00f6nnen. Sch\u00e4rfere Einschr\u00e4nkungen sind angesichts der Entwicklung des Infektionsgeschehens nicht sachgerecht und verh\u00e4ltnism\u00e4\u00dfig.\u201c<\/p>\n<p>&nbsp;<\/p>\n<h3>Quelle:<\/h3>\n<p><a href=\"http:\/\/fdp-saar.de\">fdp-saar.de<\/a>\u00a0 \u00a0&#8211;\u00a0 \u00a009:26 Uhr\u00a0 \u00a0&#8211;\u00a0 31.05.21<\/p>\n","protected":false},"excerpt":{"rendered":"<p>Angesichts eines im Saarland und \u00fcber die Grenzen hinweg stark r\u00fcckl\u00e4ufigen Infektionsgeschehen fordern die Freien Demokraten an der Saar die Landesregierung zum Handeln auf. Der Landesvorsitzende Oliver Luksic (MdB): \u201eSowohl [&#8230;]<\/p>\n","protected":false},"author":1,"featured_media":0,"comment_status":"open","ping_status":"closed","sticky":false,"template":"","format":"standard","meta":{"footnotes":""},"categories":[4,8],"tags":[708,762],"class_list":["post-1486","post","type-post","status-publish","format-standard","hentry","category-covid-19","category-wirtschaft","tag-fdp-saar","tag-oliver-luksic"],"_links":{"self":[{"href":"https:\/\/fdp-aktiv.de\/blog\/wp-json\/wp\/v2\/posts\/1486","targetHints":{"allow":["GET"]}}],"collection":[{"href":"https:\/\/fdp-aktiv.de\/blog\/wp-json\/wp\/v2\/posts"}],"about":[{"href":"https:\/\/fdp-aktiv.de\/blog\/wp-json\/wp\/v2\/types\/post"}],"author":[{"embeddable":true,"href":"https:\/\/fdp-aktiv.de\/blog\/wp-json\/wp\/v2\/users\/1"}],"replies":[{"embeddable":true,"href":"https:\/\/fdp-aktiv.de\/blog\/wp-json\/wp\/v2\/comments?post=1486"}],"version-history":[{"count":1,"href":"https:\/\/fdp-aktiv.de\/blog\/wp-json\/wp\/v2\/posts\/1486\/revisions"}],"predecessor-version":[{"id":1487,"href":"https:\/\/fdp-aktiv.de\/blog\/wp-json\/wp\/v2\/posts\/1486\/revisions\/1487"}],"wp:attachment":[{"href":"https:\/\/fdp-aktiv.de\/blog\/wp-json\/wp\/v2\/media?parent=1486"}],"wp:term":[{"taxonomy":"category","embeddable":true,"href":"https:\/\/fdp-aktiv.de\/blog\/wp-json\/wp\/v2\/categories?post=1486"},{"taxonomy":"post_tag","embeddable":true,"href":"https:\/\/fdp-aktiv.de\/blog\/wp-json\/wp\/v2\/tags?post=1486"}],"curies":[{"name":"wp","href":"https:\/\/api.w.org\/{rel}","templated":true}]}}