{"id":1494,"date":"2021-06-01T06:48:16","date_gmt":"2021-06-01T04:48:16","guid":{"rendered":"https:\/\/fdp-aktiv.de\/blog\/?p=1494"},"modified":"2021-06-01T06:48:16","modified_gmt":"2021-06-01T04:48:16","slug":"thomae-ausspaehen-unter-freunden-ist-nicht-akzeptabel","status":"publish","type":"post","link":"https:\/\/fdp-aktiv.de\/blog\/2021\/06\/01\/thomae-ausspaehen-unter-freunden-ist-nicht-akzeptabel\/","title":{"rendered":"THOMAE: Aussp\u00e4hen unter Freunden ist nicht akzeptabel"},"content":{"rendered":"<div class=\"clearfix text-formatted field field--name-body field--type-text-with-summary field--label-hidden field__item\">\n<p>Zu den Medienberichten, wonach die NSA mit Hilfe D\u00e4nemarks europ\u00e4ische Spitzenpolitiker abgeh\u00f6rt haben soll, erkl\u00e4rt der stellvertretende FDP-Fraktionsvorsitzende Stephan Thomae:<\/p>\n<figure id=\"attachment_1495\" aria-describedby=\"caption-attachment-1495\" style=\"width: 800px\" class=\"wp-caption alignnone\"><img loading=\"lazy\" decoding=\"async\" class=\"size-large wp-image-1495\" src=\"https:\/\/fdp-aktiv.de\/blog\/wp-content\/uploads\/2021\/06\/Stephan-Thomae_MOR004-1024x684.jpg\" alt=\"Stephan Thomae\" width=\"800\" height=\"534\" srcset=\"https:\/\/fdp-aktiv.de\/blog\/wp-content\/uploads\/2021\/06\/Stephan-Thomae_MOR004-1024x684.jpg 1024w, https:\/\/fdp-aktiv.de\/blog\/wp-content\/uploads\/2021\/06\/Stephan-Thomae_MOR004-300x200.jpg 300w, https:\/\/fdp-aktiv.de\/blog\/wp-content\/uploads\/2021\/06\/Stephan-Thomae_MOR004-768x513.jpg 768w, https:\/\/fdp-aktiv.de\/blog\/wp-content\/uploads\/2021\/06\/Stephan-Thomae_MOR004-1536x1025.jpg 1536w, https:\/\/fdp-aktiv.de\/blog\/wp-content\/uploads\/2021\/06\/Stephan-Thomae_MOR004-2048x1367.jpg 2048w\" sizes=\"auto, (max-width: 800px) 100vw, 800px\" \/><figcaption id=\"caption-attachment-1495\" class=\"wp-caption-text\">Stephan Thomae<\/figcaption><\/figure>\n<p>\u201eDas Aussp\u00e4hen unter Freunden und Verb\u00fcndeten ist nicht akzeptabel. Gerade die europ\u00e4ischen Partner m\u00fcssen einander vertrauen k\u00f6nnen. Jetzt ist wichtig, dass die Bundesregierung den Innenausschuss des Deutschen Bundestags sowie das Parlamentarische Kontrollgremium umfassend \u00fcber ihre Erkenntnisse informiert. Es kann nicht sein, dass Nachrichtendienste ein Eigenleben entwickeln und Strategien verfolgen, die mit unserer Europapolitik \u00fcber Kreuz liegen. Daher brauchen wir ein No-Spy-Abkommen sowohl in der EU also auch mit den USA. Deutschland muss aber auch selbst Konsequenzen ziehen, schlie\u00dflich erlaubt das neue BND-Gesetz weiterhin das Aussp\u00e4hen innerhalb der EU.\u201c<\/p>\n<\/div>\n<h3>Quelle:<\/h3>\n<p>&nbsp;<\/p>\n<p><a href=\"http:\/\/fdpbt.de\">fdpbt.de<\/a>\u00a0 \u00a0&#8211;\u00a0 \u00a031.05.21\u00a0 \u00a0&#8211;\u00a0 \u00a015:30 Uhr<\/p>\n","protected":false},"excerpt":{"rendered":"<p>Zu den Medienberichten, wonach die NSA mit Hilfe D\u00e4nemarks europ\u00e4ische Spitzenpolitiker abgeh\u00f6rt haben soll, erkl\u00e4rt der stellvertretende FDP-Fraktionsvorsitzende Stephan Thomae: \u201eDas Aussp\u00e4hen unter Freunden und Verb\u00fcndeten ist nicht akzeptabel. Gerade [&#8230;]<\/p>\n","protected":false},"author":1,"featured_media":0,"comment_status":"open","ping_status":"closed","sticky":false,"template":"","format":"standard","meta":{"footnotes":""},"categories":[5],"tags":[826,827,183,23,828],"class_list":["post-1494","post","type-post","status-publish","format-standard","hentry","category-aussenpolitik","tag-ausspaehen","tag-bnd","tag-stephan-thomae","tag-usa","tag-verbuendete"],"_links":{"self":[{"href":"https:\/\/fdp-aktiv.de\/blog\/wp-json\/wp\/v2\/posts\/1494","targetHints":{"allow":["GET"]}}],"collection":[{"href":"https:\/\/fdp-aktiv.de\/blog\/wp-json\/wp\/v2\/posts"}],"about":[{"href":"https:\/\/fdp-aktiv.de\/blog\/wp-json\/wp\/v2\/types\/post"}],"author":[{"embeddable":true,"href":"https:\/\/fdp-aktiv.de\/blog\/wp-json\/wp\/v2\/users\/1"}],"replies":[{"embeddable":true,"href":"https:\/\/fdp-aktiv.de\/blog\/wp-json\/wp\/v2\/comments?post=1494"}],"version-history":[{"count":1,"href":"https:\/\/fdp-aktiv.de\/blog\/wp-json\/wp\/v2\/posts\/1494\/revisions"}],"predecessor-version":[{"id":1496,"href":"https:\/\/fdp-aktiv.de\/blog\/wp-json\/wp\/v2\/posts\/1494\/revisions\/1496"}],"wp:attachment":[{"href":"https:\/\/fdp-aktiv.de\/blog\/wp-json\/wp\/v2\/media?parent=1494"}],"wp:term":[{"taxonomy":"category","embeddable":true,"href":"https:\/\/fdp-aktiv.de\/blog\/wp-json\/wp\/v2\/categories?post=1494"},{"taxonomy":"post_tag","embeddable":true,"href":"https:\/\/fdp-aktiv.de\/blog\/wp-json\/wp\/v2\/tags?post=1494"}],"curies":[{"name":"wp","href":"https:\/\/api.w.org\/{rel}","templated":true}]}}