{"id":15019,"date":"2024-04-07T07:23:07","date_gmt":"2024-04-07T05:23:07","guid":{"rendered":"https:\/\/fdp-aktiv.de\/blog\/?p=15019"},"modified":"2024-04-07T07:23:07","modified_gmt":"2024-04-07T05:23:07","slug":"koehler-audretsch-schmidt-einigung-auf-eine-gesetzesgrundlage-fuer-eine-bezahlkarte-fuer-fluechtlinge","status":"publish","type":"post","link":"https:\/\/fdp-aktiv.de\/blog\/2024\/04\/07\/koehler-audretsch-schmidt-einigung-auf-eine-gesetzesgrundlage-fuer-eine-bezahlkarte-fuer-fluechtlinge\/","title":{"rendered":"K\u00d6HLER\/AUDRETSCH\/SCHMIDT: Einigung auf eine Gesetzesgrundlage f\u00fcr eine Bezahlkarte f\u00fcr Fl\u00fcchtlinge"},"content":{"rendered":"<div class=\"clearfix text-formatted field field--name-body field--type-text-with-summary field--label-hidden field__item\">\n<p>Die Regierungsfraktionen haben sich auf eine gemeinsame Gesetzesgrundlage f\u00fcr eine Bezahlkarte f\u00fcr Fl\u00fcchtlinge geeinigt. Damit wurde der Wunsch der L\u00e4nder umgesetzt.<\/p>\n<p>Der stellvertretende FDP-Fraktionsvorsitzende Dr. Lukas K\u00f6hler erkl\u00e4rt dazu:<\/p>\n<p>\u201eMit dieser Einigung geben wir den L\u00e4ndern die notwendige Rechtssicherheit, damit sie die Bezahlkarte f\u00fcr alle Asylbewerber einf\u00fchren k\u00f6nnen. Damit setzen wir die von der Ministerpr\u00e4sidentenkonferenz getroffenen und vom Kabinett beschlossenen Vereinbarungen ohne inhaltliche \u00c4nderungen um. Die L\u00e4nder haben nun die M\u00f6glichkeit, ihren Beitrag zu einer neuen Migrationsrealpolitik zu leisten, indem sie einen der wesentlichen Pull-Faktoren f\u00fcr irregul\u00e4re Einwanderung ausschalten.\u201c<\/p>\n<p>Der stellvertretende Fraktionsvorsitzende von B\u00fcndnis 90\/Die Gr\u00fcnen Andreas Audretsch erkl\u00e4rt dazu:<\/p>\n<p>\u201eDas Taschengeld f\u00fcr den Schulausflug, das Busticket, um zum Ausbildungsplatz zu kommen, der Strom- oder Internetanschluss \u2013 all das muss bei der Einf\u00fchrung von Bezahlkarten vor Ort garantiert werden. Wir haben gesetzlich klar verankert, dass das Existenzminimum und die Teilhabe von Menschen garantiert ist. Gerade Kinder, die dauerhaft in Deutschland leben, m\u00fcssen die M\u00f6glichkeit haben, sich in unsere Gesellschaft zu integrieren. Das gew\u00e4hrleistet die gesetzliche Regelung nun.\u201c<\/p>\n<p>Die stellvertretende SPD-Fraktionsvorsitzende Dagmar Schmidt erkl\u00e4rt dazu:<\/p>\n<p>\u201eWir stehen zu unserem Wort und setzen den MPK-Beschluss um. Bezahlkarten waren bisher auch schon m\u00f6glich, aber wir haben nun noch einen gemeinsamen, rechtssicheren Rahmen geschaffen. Dieser sichert, dass alle notwendigen Bedarfe vor Ort frei gedeckt werden k\u00f6nnen \u2013 mit Karte oder als Geldleistung. \u00dcberweisungen ins Ausland sind jedoch nicht m\u00f6glich. Ich bin froh, dass es uns nach langen Verhandlungen gelungen ist, die L\u00e4nder wie verabredet bei der Umsetzung ihrer Bezahlkarten zu unterst\u00fctzen.\u201c<\/p>\n<\/div>\n","protected":false},"excerpt":{"rendered":"<p>Die Regierungsfraktionen haben sich auf eine gemeinsame Gesetzesgrundlage f\u00fcr eine Bezahlkarte f\u00fcr Fl\u00fcchtlinge geeinigt. Damit wurde der Wunsch der L\u00e4nder umgesetzt. Der stellvertretende FDP-Fraktionsvorsitzende Dr. Lukas K\u00f6hler erkl\u00e4rt dazu: \u201eMit [&#8230;]<\/p>\n","protected":false},"author":1,"featured_media":2125,"comment_status":"open","ping_status":"closed","sticky":false,"template":"","format":"standard","meta":{"footnotes":""},"categories":[5],"tags":[3788,1154,2688],"class_list":["post-15019","post","type-post","status-publish","format-standard","has-post-thumbnail","hentry","category-aussenpolitik","tag-bezahlkarten","tag-dr-lukas-koehler","tag-fdp-bundestag"],"_links":{"self":[{"href":"https:\/\/fdp-aktiv.de\/blog\/wp-json\/wp\/v2\/posts\/15019","targetHints":{"allow":["GET"]}}],"collection":[{"href":"https:\/\/fdp-aktiv.de\/blog\/wp-json\/wp\/v2\/posts"}],"about":[{"href":"https:\/\/fdp-aktiv.de\/blog\/wp-json\/wp\/v2\/types\/post"}],"author":[{"embeddable":true,"href":"https:\/\/fdp-aktiv.de\/blog\/wp-json\/wp\/v2\/users\/1"}],"replies":[{"embeddable":true,"href":"https:\/\/fdp-aktiv.de\/blog\/wp-json\/wp\/v2\/comments?post=15019"}],"version-history":[{"count":1,"href":"https:\/\/fdp-aktiv.de\/blog\/wp-json\/wp\/v2\/posts\/15019\/revisions"}],"predecessor-version":[{"id":15020,"href":"https:\/\/fdp-aktiv.de\/blog\/wp-json\/wp\/v2\/posts\/15019\/revisions\/15020"}],"wp:featuredmedia":[{"embeddable":true,"href":"https:\/\/fdp-aktiv.de\/blog\/wp-json\/wp\/v2\/media\/2125"}],"wp:attachment":[{"href":"https:\/\/fdp-aktiv.de\/blog\/wp-json\/wp\/v2\/media?parent=15019"}],"wp:term":[{"taxonomy":"category","embeddable":true,"href":"https:\/\/fdp-aktiv.de\/blog\/wp-json\/wp\/v2\/categories?post=15019"},{"taxonomy":"post_tag","embeddable":true,"href":"https:\/\/fdp-aktiv.de\/blog\/wp-json\/wp\/v2\/tags?post=15019"}],"curies":[{"name":"wp","href":"https:\/\/api.w.org\/{rel}","templated":true}]}}