{"id":15043,"date":"2024-04-09T05:39:56","date_gmt":"2024-04-09T03:39:56","guid":{"rendered":"https:\/\/fdp-aktiv.de\/blog\/?p=15043"},"modified":"2024-04-09T05:39:56","modified_gmt":"2024-04-09T03:39:56","slug":"baden-wuerttemberg-kern-bildungspolitik-der-gruenen-bekommt-die-note-mangelhaft","status":"publish","type":"post","link":"https:\/\/fdp-aktiv.de\/blog\/2024\/04\/09\/baden-wuerttemberg-kern-bildungspolitik-der-gruenen-bekommt-die-note-mangelhaft\/","title":{"rendered":"Baden-W\u00fcrttemberg &#8211; Kern: Bildungspolitik der Gr\u00fcnen bekommt die Note mangelhaft"},"content":{"rendered":"<p>Der Auftrag an Gr\u00fcn-Schwarz muss lauten: Jetzt m\u00fcssen alle Hebel in Bewegung gesetzt werden, um die Lehrkr\u00e4fte im Land bestm\u00f6glich zu unterst\u00fctzen<\/p>\n<p>&nbsp;<\/p>\n<p>Zur Pressemitteilung des Verbands Bildung und Erziehung Baden-W\u00fcrttemberg bzgl. Umfragen an den Grundschulen und der Sekundarstufe I, sagt der bildungspolitische Sprecher der FDP\/DVP-Fraktion, <strong>Dr.\u00a0Timm Kern<\/strong>:<\/p>\n<p>\u201eUnd schon wieder f\u00fchrt eine Bildungsumfrage der gr\u00fcn gef\u00fchrten Landesregierung die Folgen ihrer miserablen <a href=\"https:\/\/fdp-aktiv.de\/blog\/2021\/01\/29\/fdp-forderung-bildung\/\" data-internallinksmanager029f6b8e52c=\"3\" title=\"FDP Forderung Bildungspolitik\">Bildungspolitik<\/a> vor Augen: Mit 98 Prozent an den Grundschulen und mit 99 Prozent an den Schulen der Sekundarstufe\u00a0I geben quasi alle Lehrkr\u00e4fte an, dass sie unter eher hohen oder hohen Arbeitsbelastungen ihrer T\u00e4tigkeit nachgehen. Damit f\u00e4hrt diese seit \u00fcber zw\u00f6lf Jahren gr\u00fcn gef\u00fchrte Landesregierung ihr Lehrkr\u00e4ftepersonal weiter massiv auf Verschlei\u00df. Da braucht sich Kultusministerin Theresa Schopper nicht wundern, wenn das Personal in den Schulen immer unzufriedener wird, viele ihren Beruf vorzeitig aufgeben und bislang am Lehrerberuf Interessierte dann doch lieber die attraktiven Arbeitsbedingungen in der freien Wirtschaft bevorzugen.<\/p>\n<p>Noch deutlicher sind die Noten f\u00fcr die gr\u00fcne <a href=\"https:\/\/fdp-aktiv.de\/blog\/2021\/01\/29\/fdp-forderung-bildung\/\" data-internallinksmanager029f6b8e52c=\"3\" title=\"FDP Forderung Bildungspolitik\">Bildungspolitik<\/a> seitens der Lehrkr\u00e4fte: 4,5 im Grundschul- und 4,7 im Sekundarstufen-I-Bereich. Das hei\u00dft: Die <a href=\"https:\/\/fdp-aktiv.de\/blog\/2021\/01\/29\/fdp-forderung-bildung\/\" data-internallinksmanager029f6b8e52c=\"3\" title=\"FDP Forderung Bildungspolitik\">Bildungspolitik<\/a> der Gr\u00fcnen bekommt von den Praktikern die Note mangelhaft. Vor 2011 w\u00e4ren solche Noten an die Landesregierung noch undenkbar gewesen!<\/p>\n<p>&nbsp;<\/p>\n<p>Dabei liegen die Faktoren zur Steigerung der Arbeitszufriedenheit der Lehrkr\u00e4fte auf der Hand: A13 auch f\u00fcr Grundschullehrkr\u00e4fte, kleinere Klassen, Streichung des Numerus Clausus und Erh\u00f6hung der Studienpl\u00e4tze an den P\u00e4dagogischen Hochschulen und eine verl\u00e4ssliche Personalplanung inklusive ausk\u00f6mmlicher Vertretungsreserve.<\/p>\n<p>Einziger Trost ist, dass trotz dieser miserablen Arbeitsbedingungen die Mehrheit der Lehrkr\u00e4fte ihren Beruf gerne aus\u00fcbt. Das zeigt das hohe Engagement unserer Lehrkr\u00e4fte im Land. Deshalb muss der Auftrag an Gr\u00fcn-Schwarz lauten: Jetzt m\u00fcssen alle Hebel in Bewegung gesetzt werden, um die Lehrkr\u00e4fte im Land bestm\u00f6glich zu unterst\u00fctzen.\u201c<\/p>\n<p>&nbsp;<\/p>\n","protected":false},"excerpt":{"rendered":"<p>Der Auftrag an Gr\u00fcn-Schwarz muss lauten: Jetzt m\u00fcssen alle Hebel in Bewegung gesetzt werden, um die Lehrkr\u00e4fte im Land bestm\u00f6glich zu unterst\u00fctzen &nbsp; Zur Pressemitteilung des Verbands Bildung und Erziehung [&#8230;]<\/p>\n","protected":false},"author":1,"featured_media":4661,"comment_status":"open","ping_status":"closed","sticky":false,"template":"","format":"standard","meta":{"footnotes":""},"categories":[34],"tags":[1043,870,915],"class_list":["post-15043","post","type-post","status-publish","format-standard","has-post-thumbnail","hentry","category-bildung","tag-bildungspolitik","tag-dr-timm-kern","tag-grundschule"],"_links":{"self":[{"href":"https:\/\/fdp-aktiv.de\/blog\/wp-json\/wp\/v2\/posts\/15043","targetHints":{"allow":["GET"]}}],"collection":[{"href":"https:\/\/fdp-aktiv.de\/blog\/wp-json\/wp\/v2\/posts"}],"about":[{"href":"https:\/\/fdp-aktiv.de\/blog\/wp-json\/wp\/v2\/types\/post"}],"author":[{"embeddable":true,"href":"https:\/\/fdp-aktiv.de\/blog\/wp-json\/wp\/v2\/users\/1"}],"replies":[{"embeddable":true,"href":"https:\/\/fdp-aktiv.de\/blog\/wp-json\/wp\/v2\/comments?post=15043"}],"version-history":[{"count":1,"href":"https:\/\/fdp-aktiv.de\/blog\/wp-json\/wp\/v2\/posts\/15043\/revisions"}],"predecessor-version":[{"id":15044,"href":"https:\/\/fdp-aktiv.de\/blog\/wp-json\/wp\/v2\/posts\/15043\/revisions\/15044"}],"wp:featuredmedia":[{"embeddable":true,"href":"https:\/\/fdp-aktiv.de\/blog\/wp-json\/wp\/v2\/media\/4661"}],"wp:attachment":[{"href":"https:\/\/fdp-aktiv.de\/blog\/wp-json\/wp\/v2\/media?parent=15043"}],"wp:term":[{"taxonomy":"category","embeddable":true,"href":"https:\/\/fdp-aktiv.de\/blog\/wp-json\/wp\/v2\/categories?post=15043"},{"taxonomy":"post_tag","embeddable":true,"href":"https:\/\/fdp-aktiv.de\/blog\/wp-json\/wp\/v2\/tags?post=15043"}],"curies":[{"name":"wp","href":"https:\/\/api.w.org\/{rel}","templated":true}]}}