{"id":1507,"date":"2021-06-02T11:49:46","date_gmt":"2021-06-02T09:49:46","guid":{"rendered":"https:\/\/fdp-aktiv.de\/blog\/?p=1507"},"modified":"2021-06-02T11:49:46","modified_gmt":"2021-06-02T09:49:46","slug":"erfurt-fdp-fraktion-kritisiert-das-festhalten-der-landesregierung-am-35er-inzidenzwert","status":"publish","type":"post","link":"https:\/\/fdp-aktiv.de\/blog\/2021\/06\/02\/erfurt-fdp-fraktion-kritisiert-das-festhalten-der-landesregierung-am-35er-inzidenzwert\/","title":{"rendered":"Erfurt: FDP-Fraktion kritisiert das Festhalten der Landesregierung am 35er Inzidenzwert"},"content":{"rendered":"<div class=\"clearfix text-formatted field field--name-body field--type-text-with-summary field--label-hidden field__item\">\n<p><strong>FDP-Fraktion kritisiert das Festhalten der Landesregierung am 35er Inzidenzwert<\/strong><\/p>\n<figure id=\"attachment_1115\" aria-describedby=\"caption-attachment-1115\" style=\"width: 790px\" class=\"wp-caption alignnone\"><img loading=\"lazy\" decoding=\"async\" class=\"size-full wp-image-1115\" src=\"https:\/\/fdp-aktiv.de\/blog\/wp-content\/uploads\/2021\/04\/Thoms-Kemmerich.jpg\" alt=\"Thomas L. Kemmerich\" width=\"790\" height=\"700\" srcset=\"https:\/\/fdp-aktiv.de\/blog\/wp-content\/uploads\/2021\/04\/Thoms-Kemmerich.jpg 790w, https:\/\/fdp-aktiv.de\/blog\/wp-content\/uploads\/2021\/04\/Thoms-Kemmerich-300x266.jpg 300w, https:\/\/fdp-aktiv.de\/blog\/wp-content\/uploads\/2021\/04\/Thoms-Kemmerich-768x681.jpg 768w\" sizes=\"auto, (max-width: 790px) 100vw, 790px\" \/><figcaption id=\"caption-attachment-1115\" class=\"wp-caption-text\">Thomas L. Kemmerich<\/figcaption><\/figure>\n<p>Mit gro\u00dfem Unverst\u00e4ndnis reagiert die FDP-Fraktion auf Festlegungen der neuen Corona-Verordnung zur Innengastronomie. Ab einer Inzidenz unter 50 d\u00fcrfen zwar die Innenr\u00e4ume von Restaurants \u00f6ffnen. Corona-Tests bleiben aber weiterhin Voraussetzung. Erst ab einer Inzidenz unter 35 entf\u00e4llt die Testpflicht. Dazu erkl\u00e4rt Thomas L. Kemmerich, Vorsitzender der FDP-Fraktion:<\/p>\n<p>\u201eWas ist der Unterschied zwischen Inzidenzwerten von 35 und 50? In einer Stadt wie Weimar liegt der Unterschied bei lediglich 10 Infektionen pro Woche. 10 Infektionen sollen also \u00fcber das Wohl und Wehe der Gastronomie einer ganzen Stadt entscheiden? Wegen 10 F\u00e4llen sollen sich rund 65.000 Einwohner einschr\u00e4nken? In Jena w\u00e4ren dies 17 F\u00e4lle pro Woche, in Erfurt 32. Unsere Position ist klar: Unterhalb des Inzidenzwertes von 50 darf es keinerlei Einschr\u00e4nkungen des \u00f6ffentlichen Lebens mehr geben. Das Einhalten von Hygienekonzepten, das Tragen von Alltagsmasken und die Kontaktnachverfolgung gen\u00fcgen vollauf. Der 35er Grenzwert ist nicht wissenschaftlich begr\u00fcndet, er ist nach freiem Ermessen festgelegt worden.\u201c<\/p>\n<\/div>\n","protected":false},"excerpt":{"rendered":"<p>FDP-Fraktion kritisiert das Festhalten der Landesregierung am 35er Inzidenzwert Mit gro\u00dfem Unverst\u00e4ndnis reagiert die FDP-Fraktion auf Festlegungen der neuen Corona-Verordnung zur Innengastronomie. Ab einer Inzidenz unter 50 d\u00fcrfen zwar die [&#8230;]<\/p>\n","protected":false},"author":1,"featured_media":0,"comment_status":"open","ping_status":"closed","sticky":false,"template":"","format":"standard","meta":{"footnotes":""},"categories":[4,8],"tags":[669,221,831],"class_list":["post-1507","post","type-post","status-publish","format-standard","hentry","category-covid-19","category-wirtschaft","tag-fdp-thueringen","tag-inzidenzwert","tag-unverstaendnis"],"_links":{"self":[{"href":"https:\/\/fdp-aktiv.de\/blog\/wp-json\/wp\/v2\/posts\/1507","targetHints":{"allow":["GET"]}}],"collection":[{"href":"https:\/\/fdp-aktiv.de\/blog\/wp-json\/wp\/v2\/posts"}],"about":[{"href":"https:\/\/fdp-aktiv.de\/blog\/wp-json\/wp\/v2\/types\/post"}],"author":[{"embeddable":true,"href":"https:\/\/fdp-aktiv.de\/blog\/wp-json\/wp\/v2\/users\/1"}],"replies":[{"embeddable":true,"href":"https:\/\/fdp-aktiv.de\/blog\/wp-json\/wp\/v2\/comments?post=1507"}],"version-history":[{"count":1,"href":"https:\/\/fdp-aktiv.de\/blog\/wp-json\/wp\/v2\/posts\/1507\/revisions"}],"predecessor-version":[{"id":1508,"href":"https:\/\/fdp-aktiv.de\/blog\/wp-json\/wp\/v2\/posts\/1507\/revisions\/1508"}],"wp:attachment":[{"href":"https:\/\/fdp-aktiv.de\/blog\/wp-json\/wp\/v2\/media?parent=1507"}],"wp:term":[{"taxonomy":"category","embeddable":true,"href":"https:\/\/fdp-aktiv.de\/blog\/wp-json\/wp\/v2\/categories?post=1507"},{"taxonomy":"post_tag","embeddable":true,"href":"https:\/\/fdp-aktiv.de\/blog\/wp-json\/wp\/v2\/tags?post=1507"}],"curies":[{"name":"wp","href":"https:\/\/api.w.org\/{rel}","templated":true}]}}