{"id":15126,"date":"2024-04-16T06:11:22","date_gmt":"2024-04-16T04:11:22","guid":{"rendered":"https:\/\/fdp-aktiv.de\/blog\/?p=15126"},"modified":"2024-04-16T06:15:51","modified_gmt":"2024-04-16T04:15:51","slug":"baden-wuerttemberg-scheerer-gaeubahn-braucht-auch-direktanbindung-an-stuttgart-ueber-renningen","status":"publish","type":"post","link":"https:\/\/fdp-aktiv.de\/blog\/2024\/04\/16\/baden-wuerttemberg-scheerer-gaeubahn-braucht-auch-direktanbindung-an-stuttgart-ueber-renningen\/","title":{"rendered":"Baden-W\u00fcrttemberg &#8211;    Scheerer: G\u00e4ubahn braucht auch Direktanbindung an Stuttgart \u00fcber Renningen"},"content":{"rendered":"<p>Pfaffensteigtunnel vorantreiben<\/p>\n<p>Das Land will w\u00e4hrend der geplanten Unterbrechung der G\u00e4ubahn im Zuge der Inbetriebnahme von Stuttgart 21 ein besseres Angebot auf der Verbindung von Stuttgart nach Z\u00fcrich und einigen Zulaufstrecken anbieten. Dazu sagte der Sprecher f\u00fcr den \u00d6PNV der FDP\/DVP-Fraktion im Landtag von Baden-W\u00fcrttemberg, <strong>Hans Dieter Scheerer<\/strong>:<\/p>\n<p>\u201eEs ist gut und wichtig, dass das Land als Aufgabentr\u00e4ger des regionalen Schienenverkehrs das Angebot auf der G\u00e4ubahn von und nach Stuttgart verbessern m\u00f6chte. Es fehlt jedoch eine zentrale Stellschraube: Das Land sollte auch \u00fcber Renningen eine Direktanbindung an den Hauptbahnhof anbieten. In Zeiten von Triebfahrzeugen ist es mit Leichtigkeit m\u00f6glich, einen Zugteil in Stuttgart-Vaihingen enden zu lassen und den anderen \u00fcber Renningen direkt und ohne Umstieg in den Hauptbahnhof zu f\u00fchren.<\/p>\n<p>Ich fordere das Land dar\u00fcber hinaus auf, alles zu tun, dass rechtzeitig gen\u00fcgen ETCS-f\u00e4hige Z\u00fcge bereit sind. Und Minister Hermann muss alles in der Macht des Landes stehende tun, f\u00fcr eine z\u00fcgige Realisierung des Pfaffensteigtunnels zu sorgen. Hier braucht es Offenheit f\u00fcr alle L\u00f6sungsans\u00e4tze.\u201c<\/p>\n<p>&nbsp;<\/p>\n","protected":false},"excerpt":{"rendered":"<p>Pfaffensteigtunnel vorantreiben Das Land will w\u00e4hrend der geplanten Unterbrechung der G\u00e4ubahn im Zuge der Inbetriebnahme von Stuttgart 21 ein besseres Angebot auf der Verbindung von Stuttgart nach Z\u00fcrich und einigen [&#8230;]<\/p>\n","protected":false},"author":1,"featured_media":4401,"comment_status":"open","ping_status":"closed","sticky":false,"template":"","format":"standard","meta":{"footnotes":""},"categories":[144],"tags":[650,2528,864],"class_list":["post-15126","post","type-post","status-publish","format-standard","has-post-thumbnail","hentry","category-verkehr-innenpolitik","tag-fdp-dvp","tag-gaeubahn","tag-hans-dieter-scheerer"],"_links":{"self":[{"href":"https:\/\/fdp-aktiv.de\/blog\/wp-json\/wp\/v2\/posts\/15126","targetHints":{"allow":["GET"]}}],"collection":[{"href":"https:\/\/fdp-aktiv.de\/blog\/wp-json\/wp\/v2\/posts"}],"about":[{"href":"https:\/\/fdp-aktiv.de\/blog\/wp-json\/wp\/v2\/types\/post"}],"author":[{"embeddable":true,"href":"https:\/\/fdp-aktiv.de\/blog\/wp-json\/wp\/v2\/users\/1"}],"replies":[{"embeddable":true,"href":"https:\/\/fdp-aktiv.de\/blog\/wp-json\/wp\/v2\/comments?post=15126"}],"version-history":[{"count":2,"href":"https:\/\/fdp-aktiv.de\/blog\/wp-json\/wp\/v2\/posts\/15126\/revisions"}],"predecessor-version":[{"id":15132,"href":"https:\/\/fdp-aktiv.de\/blog\/wp-json\/wp\/v2\/posts\/15126\/revisions\/15132"}],"wp:featuredmedia":[{"embeddable":true,"href":"https:\/\/fdp-aktiv.de\/blog\/wp-json\/wp\/v2\/media\/4401"}],"wp:attachment":[{"href":"https:\/\/fdp-aktiv.de\/blog\/wp-json\/wp\/v2\/media?parent=15126"}],"wp:term":[{"taxonomy":"category","embeddable":true,"href":"https:\/\/fdp-aktiv.de\/blog\/wp-json\/wp\/v2\/categories?post=15126"},{"taxonomy":"post_tag","embeddable":true,"href":"https:\/\/fdp-aktiv.de\/blog\/wp-json\/wp\/v2\/tags?post=15126"}],"curies":[{"name":"wp","href":"https:\/\/api.w.org\/{rel}","templated":true}]}}