{"id":1516,"date":"2021-06-03T08:03:58","date_gmt":"2021-06-03T06:03:58","guid":{"rendered":"https:\/\/fdp-aktiv.de\/blog\/?p=1516"},"modified":"2021-06-03T08:04:10","modified_gmt":"2021-06-03T06:04:10","slug":"dvp-dennis-birnstock-sport-braucht-klare-regeln","status":"publish","type":"post","link":"https:\/\/fdp-aktiv.de\/blog\/2021\/06\/03\/dvp-dennis-birnstock-sport-braucht-klare-regeln\/","title":{"rendered":"DVP Dennis Birnstock: Sport braucht klare Regeln"},"content":{"rendered":"<p>u aktuellen Medienberichten, wonach nun auch Kinder zwischen sechs und dreizehn Jahren bei der Sportaus\u00fcbung auf das Coronavirus getestet werden m\u00fcssen, sagt der sport- und jugendpolitische Sprecher der FDP\/DVP Fraktion, <strong>Dennis Birnstock:<\/strong><\/p>\n<figure id=\"attachment_1517\" aria-describedby=\"caption-attachment-1517\" style=\"width: 770px\" class=\"wp-caption alignnone\"><img loading=\"lazy\" decoding=\"async\" class=\"size-large wp-image-1517\" src=\"https:\/\/fdp-aktiv.de\/blog\/wp-content\/uploads\/2021\/06\/dennis-birnstock-pressefoto1_v2-770x1024.jpg\" alt=\"Dennis Birnstock\" width=\"770\" height=\"1024\" srcset=\"https:\/\/fdp-aktiv.de\/blog\/wp-content\/uploads\/2021\/06\/dennis-birnstock-pressefoto1_v2-770x1024.jpg 770w, https:\/\/fdp-aktiv.de\/blog\/wp-content\/uploads\/2021\/06\/dennis-birnstock-pressefoto1_v2-225x300.jpg 225w, https:\/\/fdp-aktiv.de\/blog\/wp-content\/uploads\/2021\/06\/dennis-birnstock-pressefoto1_v2-768x1022.jpg 768w, https:\/\/fdp-aktiv.de\/blog\/wp-content\/uploads\/2021\/06\/dennis-birnstock-pressefoto1_v2-1154x1536.jpg 1154w, https:\/\/fdp-aktiv.de\/blog\/wp-content\/uploads\/2021\/06\/dennis-birnstock-pressefoto1_v2.jpg 1503w\" sizes=\"auto, (max-width: 770px) 100vw, 770px\" \/><figcaption id=\"caption-attachment-1517\" class=\"wp-caption-text\">Dennis Birnstock<\/figcaption><\/figure>\n<p>&#8220;W\u00e4hrend Kinder unter 14 Jahren in den vergangenen Monaten bei einer Inzidenz von \u00fcber 100 keinen negativen Test beim Sporttreiben in Gruppen von bis zu f\u00fcnf Kindern vorweisen mussten, gilt nun mit dem Erreichen der \u00d6ffnungsstufe 1 auch f\u00fcr Kinder zwischen sechs und dreizehn Jahren eine solche Testpflicht. Dieser \u201a\u00d6ffnungsschritt\u2018 ist somit in Wirklichkeit eine weitere Einschr\u00e4nkung, welche den Sportvereinen, die bereits stark unter der Corona-Krise leiden mussten, das Leben unn\u00f6tig schwermacht.<\/p>\n<p>Hierbei scheint wohl auch in der Kommunikation zwischen den verantwortlichen Ministerien \u2013 dem Sozialministerium und dem Kultusministerium \u2013 einiges schiefzulaufen. So lie\u00df das Kultusministerium erst verlauten, dass Kinder zwischen sechs und dreizehn Jahren von der Testpflicht ausgenommen seien, um nun doch auf die gegens\u00e4tzliche Haltung des Sozialministeriums einzuschwenken. Ich habe mich daher mit einem Brief an Kultusministerin Schopper und Sozialminister Lucha gewandt und nicht nur die Kl\u00e4rung und k\u00fcnftige Unterlassung der Widerspr\u00fcchlichkeiten gefordert, sondern auch die schnellstm\u00f6gliche Abschaffung dieser v\u00f6llig realit\u00e4tsfernen Regelung. Zumal die meisten Kinder ohnehin schon regelm\u00e4\u00dfig in der Schule getestet werden. Ansonsten drohen Sportangebote auf Kosten der Kinder auszufallen, welche somit zum wiederholten Male in besonderer Weise unter der Krise zu leiden haben.\u201c<\/p>\n<h3>Quelle:<\/h3>\n<p><a href=\"http:\/\/www.fdp-dvp-fraktion.de\">FDP\/DVP Fraktion im Landtag von Baden-W\u00fcrttemberg<\/a>\u00a0 \u00a0&#8211;\u00a0 \u00a002.06.21\u00a0 \u00a0&#8211;\u00a0 \u00a018:00 Uhr<\/p>\n","protected":false},"excerpt":{"rendered":"<p>u aktuellen Medienberichten, wonach nun auch Kinder zwischen sechs und dreizehn Jahren bei der Sportaus\u00fcbung auf das Coronavirus getestet werden m\u00fcssen, sagt der sport- und jugendpolitische Sprecher der FDP\/DVP Fraktion, [&#8230;]<\/p>\n","protected":false},"author":1,"featured_media":0,"comment_status":"open","ping_status":"closed","sticky":false,"template":"","format":"standard","meta":{"footnotes":""},"categories":[207,123,546],"tags":[746,650,779],"class_list":["post-1516","post","type-post","status-publish","format-standard","hentry","category-familie-wohnen","category-gesundheit","category-kultur-kunst","tag-dennis-birnstock","tag-fdp-dvp","tag-sport"],"_links":{"self":[{"href":"https:\/\/fdp-aktiv.de\/blog\/wp-json\/wp\/v2\/posts\/1516","targetHints":{"allow":["GET"]}}],"collection":[{"href":"https:\/\/fdp-aktiv.de\/blog\/wp-json\/wp\/v2\/posts"}],"about":[{"href":"https:\/\/fdp-aktiv.de\/blog\/wp-json\/wp\/v2\/types\/post"}],"author":[{"embeddable":true,"href":"https:\/\/fdp-aktiv.de\/blog\/wp-json\/wp\/v2\/users\/1"}],"replies":[{"embeddable":true,"href":"https:\/\/fdp-aktiv.de\/blog\/wp-json\/wp\/v2\/comments?post=1516"}],"version-history":[{"count":2,"href":"https:\/\/fdp-aktiv.de\/blog\/wp-json\/wp\/v2\/posts\/1516\/revisions"}],"predecessor-version":[{"id":1519,"href":"https:\/\/fdp-aktiv.de\/blog\/wp-json\/wp\/v2\/posts\/1516\/revisions\/1519"}],"wp:attachment":[{"href":"https:\/\/fdp-aktiv.de\/blog\/wp-json\/wp\/v2\/media?parent=1516"}],"wp:term":[{"taxonomy":"category","embeddable":true,"href":"https:\/\/fdp-aktiv.de\/blog\/wp-json\/wp\/v2\/categories?post=1516"},{"taxonomy":"post_tag","embeddable":true,"href":"https:\/\/fdp-aktiv.de\/blog\/wp-json\/wp\/v2\/tags?post=1516"}],"curies":[{"name":"wp","href":"https:\/\/api.w.org\/{rel}","templated":true}]}}