{"id":15199,"date":"2024-04-21T07:10:20","date_gmt":"2024-04-21T05:10:20","guid":{"rendered":"https:\/\/fdp-aktiv.de\/blog\/?p=15199"},"modified":"2024-04-21T07:10:20","modified_gmt":"2024-04-21T05:10:20","slug":"baden-wuerttemberg-jung-aus-fuer-drohende-fahrverbote-sehr-gutes-signal","status":"publish","type":"post","link":"https:\/\/fdp-aktiv.de\/blog\/2024\/04\/21\/baden-wuerttemberg-jung-aus-fuer-drohende-fahrverbote-sehr-gutes-signal\/","title":{"rendered":"Baden-W\u00fcrttemberg &#8211; Jung: Aus f\u00fcr drohende Fahrverbote sehr gutes Signal"},"content":{"rendered":"<p>Erhebliche Freiheitsverluste und wirtschaftliche Sch\u00e4den verhindert<\/p>\n<p>Zu Meldungen, wonach die drohenden Fahrverbote an Wochenenden vom Tisch seien, weil sich die Bundestagsfraktionen auf eine Novellierung des Klimaschutzgesetzes mit einer \u00dcberwindung der Sektorenbetrachtung geeinigt h\u00e4tten, sagte der verkehrspolitische Sprecher der FDP\/DVP-Fraktion im Landtag von Baden-W\u00fcrttemberg, <strong>Dr.\u00a0Christian Jung<\/strong>:<\/p>\n<p>\u201eEs ist eine sehr gute Nachricht f\u00fcr Baden-W\u00fcrttemberg, dass die drohenden Fahrverbote an Wochenenden zur Einhaltung des Sektorenziels Verkehr vom Tisch sind. Es war wichtig und richtig, dass Bundesverkehrsminister Wissing eindringlich vor m\u00f6glichen Konsequenzen gewarnt hat, wenn die Gr\u00fcnen im Bund die Novellierung des Klimaschutzgesetzes weiterhin blockiert h\u00e4tten. Solche Fahrverbote h\u00e4tten einen erheblichen Freiheitsverlust der B\u00fcrgerinnen und B\u00fcrger sowie erhebliche Sch\u00e4den f\u00fcr die Wirtschaft und den Tourismus bedeutet. Offenbar haben die Gr\u00fcnen eingelenkt, weil sie den Zorn der B\u00fcrgerinnen und B\u00fcrger \u00fcber solche ideologisch begr\u00fcndeten Verbote scheuen wie der Teufel das Weihwasser.\u201c<\/p>\n<p>&nbsp;<\/p>\n","protected":false},"excerpt":{"rendered":"<p>Erhebliche Freiheitsverluste und wirtschaftliche Sch\u00e4den verhindert Zu Meldungen, wonach die drohenden Fahrverbote an Wochenenden vom Tisch seien, weil sich die Bundestagsfraktionen auf eine Novellierung des Klimaschutzgesetzes mit einer \u00dcberwindung der [&#8230;]<\/p>\n","protected":false},"author":1,"featured_media":1590,"comment_status":"open","ping_status":"closed","sticky":false,"template":"","format":"standard","meta":{"footnotes":""},"categories":[144],"tags":[874,448,650],"class_list":["post-15199","post","type-post","status-publish","format-standard","has-post-thumbnail","hentry","category-verkehr-innenpolitik","tag-dr-christian-jung","tag-fahrverbote","tag-fdp-dvp"],"_links":{"self":[{"href":"https:\/\/fdp-aktiv.de\/blog\/wp-json\/wp\/v2\/posts\/15199","targetHints":{"allow":["GET"]}}],"collection":[{"href":"https:\/\/fdp-aktiv.de\/blog\/wp-json\/wp\/v2\/posts"}],"about":[{"href":"https:\/\/fdp-aktiv.de\/blog\/wp-json\/wp\/v2\/types\/post"}],"author":[{"embeddable":true,"href":"https:\/\/fdp-aktiv.de\/blog\/wp-json\/wp\/v2\/users\/1"}],"replies":[{"embeddable":true,"href":"https:\/\/fdp-aktiv.de\/blog\/wp-json\/wp\/v2\/comments?post=15199"}],"version-history":[{"count":1,"href":"https:\/\/fdp-aktiv.de\/blog\/wp-json\/wp\/v2\/posts\/15199\/revisions"}],"predecessor-version":[{"id":15200,"href":"https:\/\/fdp-aktiv.de\/blog\/wp-json\/wp\/v2\/posts\/15199\/revisions\/15200"}],"wp:featuredmedia":[{"embeddable":true,"href":"https:\/\/fdp-aktiv.de\/blog\/wp-json\/wp\/v2\/media\/1590"}],"wp:attachment":[{"href":"https:\/\/fdp-aktiv.de\/blog\/wp-json\/wp\/v2\/media?parent=15199"}],"wp:term":[{"taxonomy":"category","embeddable":true,"href":"https:\/\/fdp-aktiv.de\/blog\/wp-json\/wp\/v2\/categories?post=15199"},{"taxonomy":"post_tag","embeddable":true,"href":"https:\/\/fdp-aktiv.de\/blog\/wp-json\/wp\/v2\/tags?post=15199"}],"curies":[{"name":"wp","href":"https:\/\/api.w.org\/{rel}","templated":true}]}}