{"id":1523,"date":"2021-06-03T08:17:22","date_gmt":"2021-06-03T06:17:22","guid":{"rendered":"https:\/\/fdp-aktiv.de\/blog\/?p=1523"},"modified":"2021-06-03T08:17:22","modified_gmt":"2021-06-03T06:17:22","slug":"oliver-kumbartzky-mit-gutem-beispiel-voran-beim-klimaschutz","status":"publish","type":"post","link":"https:\/\/fdp-aktiv.de\/blog\/2021\/06\/03\/oliver-kumbartzky-mit-gutem-beispiel-voran-beim-klimaschutz\/","title":{"rendered":"Oliver Kumbartzky: Mit gutem Beispiel voran beim Klimaschutz"},"content":{"rendered":"<p>Zu dem heute im Kabinett beschlossenen Gesetzentwurf zur \u00c4nderung des Energiewende- und Klimaschutzgesetzes des Landes Schleswig-Holstein (EWKG) erkl\u00e4rt der Parlamentarische Gesch\u00e4ftsf\u00fchrer und energiepolitische Sprecher der FDP-Landtagsfraktion, Oliver Kumbartzky:<\/p>\n<figure style=\"width: 700px\" class=\"wp-caption alignnone\"><img loading=\"lazy\" decoding=\"async\" class=\"n3VNCb\" src=\"https:\/\/www.fdp-fraktion-sh.de\/sites\/default\/files\/styles\/image930\/public\/2020-10\/20200814-reh-3063_1.jpg?itok=fff_kJ8c\" alt=\"Oliver Kumbartzky\" width=\"700\" height=\"395\" data-noaft=\"1\" \/><figcaption class=\"wp-caption-text\">Oliver Kumbartzky<\/figcaption><\/figure>\n<p>\u201eEs ist gut, dass das eher symbolische Gesetz der Vorg\u00e4ngerregierung jetzt mit konkreten Ma\u00dfnahmen hinterlegt wird. Die Regelungen und Zielsetzungen im neuen Energiewende- und Klimaschutzgesetz sind ein Kompromiss, stellen aber richtige Weichen. Wie alle Regelungen und Ziele m\u00fcssen auch diese regelm\u00e4\u00dfig auf ihre Wirkung und ihren Sinn hin \u00fcberpr\u00fcft werden. Gerade vor dem Hintergrund der Reformen, die die EU bei der CO2-Bepreisung plant und noch im Juni vorstellen will, k\u00f6nnte manche Regelung obsolet oder anpassungsw\u00fcrdig werden. Wir wollen unbedingt vermeiden, dass die Menschen mit einem Regelungschaos \u00fcberzogen werden oder sich Ma\u00dfnahmen am Ende konterkarieren. Wir setzen uns daf\u00fcr ein, dass Klimaschutz sozial vertr\u00e4glich bleibt und das erreichen wir nur, wenn wir Technologieoffenheit wahren und eine Energie- und Klimapolitik machen, die rechnen kann.<\/p>\n<p>Die wichtige Botschaft im Gesetz der Landesregierung ist aus unserer Sicht, dass das Land beim Klimaschutz mit gutem Beispiel vorangehen will. Mit der energetischen Sanierung der Landesliegenschaften und der kommunalen W\u00e4rmeplanung geht der Regierungsentwurf einen gro\u00dfen Schritt in die richtige Richtung. Der n\u00e4chste Schritt sollte sein, konkrete Projekte zu benennen und eine sinnvolle und nachhaltige Strategie f\u00fcr die Sanierung landes-eigener und kommunaler Geb\u00e4ude zu erarbeiten, damit auch die \u00f6ffentlichen Hand Energiewendevorreiter wird.<\/p>\n<p>Wir werden uns jetzt im parlamentarischen Verfahren gemeinsam mit den beteiligten Akteuren intensiv mit dem Gesetzentwurf auseinandersetzen.\u201c<\/p>\n<p>&nbsp;<\/p>\n<h3>Quelle:<\/h3>\n<p><a href=\"https:\/\/www.fdp-fraktion-sh.de\/\">FDP- Fraktion im Schleswig-Holsteinischen Landtag<\/a>\u00a0 \u00a0&#8211;\u00a0 \u00a001.06.21\u00a0 \u00a0&#8211;\u00a0 \u00a015:00 Uhr<\/p>\n<p>&nbsp;<\/p>\n","protected":false},"excerpt":{"rendered":"<p>Zu dem heute im Kabinett beschlossenen Gesetzentwurf zur \u00c4nderung des Energiewende- und Klimaschutzgesetzes des Landes Schleswig-Holstein (EWKG) erkl\u00e4rt der Parlamentarische Gesch\u00e4ftsf\u00fchrer und energiepolitische Sprecher der FDP-Landtagsfraktion, Oliver Kumbartzky: \u201eEs ist [&#8230;]<\/p>\n","protected":false},"author":1,"featured_media":0,"comment_status":"open","ping_status":"closed","sticky":false,"template":"","format":"standard","meta":{"footnotes":""},"categories":[249],"tags":[814,749,839,682],"class_list":["post-1523","post","type-post","status-publish","format-standard","hentry","category-umwelt","tag-fdp-lsh","tag-klimaschutz","tag-oliver-kumbartzky","tag-umwelt"],"_links":{"self":[{"href":"https:\/\/fdp-aktiv.de\/blog\/wp-json\/wp\/v2\/posts\/1523","targetHints":{"allow":["GET"]}}],"collection":[{"href":"https:\/\/fdp-aktiv.de\/blog\/wp-json\/wp\/v2\/posts"}],"about":[{"href":"https:\/\/fdp-aktiv.de\/blog\/wp-json\/wp\/v2\/types\/post"}],"author":[{"embeddable":true,"href":"https:\/\/fdp-aktiv.de\/blog\/wp-json\/wp\/v2\/users\/1"}],"replies":[{"embeddable":true,"href":"https:\/\/fdp-aktiv.de\/blog\/wp-json\/wp\/v2\/comments?post=1523"}],"version-history":[{"count":1,"href":"https:\/\/fdp-aktiv.de\/blog\/wp-json\/wp\/v2\/posts\/1523\/revisions"}],"predecessor-version":[{"id":1524,"href":"https:\/\/fdp-aktiv.de\/blog\/wp-json\/wp\/v2\/posts\/1523\/revisions\/1524"}],"wp:attachment":[{"href":"https:\/\/fdp-aktiv.de\/blog\/wp-json\/wp\/v2\/media?parent=1523"}],"wp:term":[{"taxonomy":"category","embeddable":true,"href":"https:\/\/fdp-aktiv.de\/blog\/wp-json\/wp\/v2\/categories?post=1523"},{"taxonomy":"post_tag","embeddable":true,"href":"https:\/\/fdp-aktiv.de\/blog\/wp-json\/wp\/v2\/tags?post=1523"}],"curies":[{"name":"wp","href":"https:\/\/api.w.org\/{rel}","templated":true}]}}