{"id":1525,"date":"2021-06-03T08:25:43","date_gmt":"2021-06-03T06:25:43","guid":{"rendered":"https:\/\/fdp-aktiv.de\/blog\/?p=1525"},"modified":"2021-06-03T08:25:43","modified_gmt":"2021-06-03T06:25:43","slug":"dr-hans-ulrich-ruelke-testpflicht-fuer-aussengastronomie-und-sperrstunde-muessen-sofort-entfallen","status":"publish","type":"post","link":"https:\/\/fdp-aktiv.de\/blog\/2021\/06\/03\/dr-hans-ulrich-ruelke-testpflicht-fuer-aussengastronomie-und-sperrstunde-muessen-sofort-entfallen\/","title":{"rendered":"Dr. Hans-Ulrich R\u00fclke: Testpflicht f\u00fcr Au\u00dfengastronomie und Sperrstunde m\u00fcssen sofort entfallen"},"content":{"rendered":"<p>Der Vorsitzende der FDP\/DVP Fraktion <strong>Dr. Hans-Ulrich R\u00fclke<\/strong> fordert die Landesregierung auf, die Testpflicht f\u00fcr Au\u00dfengastronomie aufzuheben. \u201eDie Testpflicht f\u00fcr die Au\u00dfengastronomie ist nicht mehr verh\u00e4ltnism\u00e4\u00dfig. Das Infektionsrisiko an der frischen Luft ist minimal. Der Aufwand, der mit der Durchf\u00fchrung eines Schnelltests verbunden ist, ist vielen Menschen hingegen zu gro\u00df.\u201c Die Folge sei, dass dringend ben\u00f6tigte G\u00e4ste ausbleiben. \u201eNach acht Monaten des Lockdowns brauchen unsere Gastronomen diesen Impuls.\u201c R\u00fclke warnte zugleich auch: \u201eDie Menschen wollen sich treffen und viele dieser Treffen werden sich dann in den privaten Bereich verlagern, und zwar auch in die Innenr\u00e4ume. Hierdurch kann es auch in den Sommermonaten vermehrt zu Infektionen kommen.\u201c<\/p>\n<figure id=\"attachment_1526\" aria-describedby=\"caption-attachment-1526\" style=\"width: 800px\" class=\"wp-caption alignnone\"><img loading=\"lazy\" decoding=\"async\" class=\"size-large wp-image-1526\" src=\"https:\/\/fdp-aktiv.de\/blog\/wp-content\/uploads\/2021\/06\/Dr._Hans_Ulrich_Ruelke_FDP_BW-1024x682.jpg\" alt=\"Dr. Hans Ulrich R\u00fclke\" width=\"800\" height=\"533\" srcset=\"https:\/\/fdp-aktiv.de\/blog\/wp-content\/uploads\/2021\/06\/Dr._Hans_Ulrich_Ruelke_FDP_BW-1024x682.jpg 1024w, https:\/\/fdp-aktiv.de\/blog\/wp-content\/uploads\/2021\/06\/Dr._Hans_Ulrich_Ruelke_FDP_BW-300x200.jpg 300w, https:\/\/fdp-aktiv.de\/blog\/wp-content\/uploads\/2021\/06\/Dr._Hans_Ulrich_Ruelke_FDP_BW-768x512.jpg 768w, https:\/\/fdp-aktiv.de\/blog\/wp-content\/uploads\/2021\/06\/Dr._Hans_Ulrich_Ruelke_FDP_BW.jpg 1030w\" sizes=\"auto, (max-width: 800px) 100vw, 800px\" \/><figcaption id=\"caption-attachment-1526\" class=\"wp-caption-text\">Dr. Hans Ulrich R\u00fclke<\/figcaption><\/figure>\n<p>R\u00fclke verwies auch auf andere Bundesl\u00e4nder wie Rheinland-Pfalz oder Sachsen-Anhalt, die die Testpflicht f\u00fcr die Au\u00dfengastronomie mittlerweile aufgehoben haben. \u201eBaden-W\u00fcrttemberg sollte dem Beispiel anderer Bundesl\u00e4nder folgen und die Testpflicht f\u00fcr die Au\u00dfengastronomie unverz\u00fcglich aufheben. Seit Wochen ist das Infektionsgeschehen stark r\u00fcckl\u00e4ufig. \u00dcber 40 Prozent der Bundesb\u00fcrger haben mittlerweile mindestens eine Impfung erhalten. Die Aufrechterhaltung der Restriktionen f\u00fcr die Au\u00dfengastronomie ist nicht zu rechtfertigen.\u201c<\/p>\n<p>&nbsp;<\/p>\n<p>Parallel dazu m\u00fcsse die Sperrstunde aufgehoben werden. In neun Tagen beginne die Fu\u00dfballeuropameisterschaft. Ein gro\u00dfer Teil der Spiele, darunter der deutschen Nationalmannschaft, beginnt erst um 21:00 Uhr. \u201eWenn die Landesregierung an der Sperrstunde festh\u00e4lt, werden die Menschen die Spiele auf engsten Raum in Gruppen zu Hause ansehen. Die Sperrstunde bef\u00f6rdert das Ansteckungsrisiko und muss ebenfalls unverz\u00fcglich aufgehoben werden.\u201c<\/p>\n<p>&nbsp;<\/p>\n<h3>Quelle:<\/h3>\n<p><a href=\"http:\/\/FDP\/DVP Fraktion im Landtag von Baden-W\u00fcrttemberg\">FDP\/DVP Fraktion im Landtag von Baden-W\u00fcrttemberg<\/a>\u00a0 \u00a0&#8211;\u00a0 \u00a002.06.21\u00a0 \u00a0&#8211;\u00a0 \u00a012:00 Uhr<\/p>\n<p>&nbsp;<\/p>\n","protected":false},"excerpt":{"rendered":"<p>Der Vorsitzende der FDP\/DVP Fraktion Dr. Hans-Ulrich R\u00fclke fordert die Landesregierung auf, die Testpflicht f\u00fcr Au\u00dfengastronomie aufzuheben. \u201eDie Testpflicht f\u00fcr die Au\u00dfengastronomie ist nicht mehr verh\u00e4ltnism\u00e4\u00dfig. Das Infektionsrisiko an der [&#8230;]<\/p>\n","protected":false},"author":1,"featured_media":0,"comment_status":"open","ping_status":"closed","sticky":false,"template":"","format":"standard","meta":{"footnotes":""},"categories":[4,8],"tags":[842,650,313,840,841],"class_list":["post-1525","post","type-post","status-publish","format-standard","hentry","category-covid-19","category-wirtschaft","tag-dr-hans-ulrich-ruelke","tag-fdp-dvp","tag-gastronomie","tag-sperrstunden","tag-testpflicht"],"_links":{"self":[{"href":"https:\/\/fdp-aktiv.de\/blog\/wp-json\/wp\/v2\/posts\/1525","targetHints":{"allow":["GET"]}}],"collection":[{"href":"https:\/\/fdp-aktiv.de\/blog\/wp-json\/wp\/v2\/posts"}],"about":[{"href":"https:\/\/fdp-aktiv.de\/blog\/wp-json\/wp\/v2\/types\/post"}],"author":[{"embeddable":true,"href":"https:\/\/fdp-aktiv.de\/blog\/wp-json\/wp\/v2\/users\/1"}],"replies":[{"embeddable":true,"href":"https:\/\/fdp-aktiv.de\/blog\/wp-json\/wp\/v2\/comments?post=1525"}],"version-history":[{"count":1,"href":"https:\/\/fdp-aktiv.de\/blog\/wp-json\/wp\/v2\/posts\/1525\/revisions"}],"predecessor-version":[{"id":1527,"href":"https:\/\/fdp-aktiv.de\/blog\/wp-json\/wp\/v2\/posts\/1525\/revisions\/1527"}],"wp:attachment":[{"href":"https:\/\/fdp-aktiv.de\/blog\/wp-json\/wp\/v2\/media?parent=1525"}],"wp:term":[{"taxonomy":"category","embeddable":true,"href":"https:\/\/fdp-aktiv.de\/blog\/wp-json\/wp\/v2\/categories?post=1525"},{"taxonomy":"post_tag","embeddable":true,"href":"https:\/\/fdp-aktiv.de\/blog\/wp-json\/wp\/v2\/tags?post=1525"}],"curies":[{"name":"wp","href":"https:\/\/api.w.org\/{rel}","templated":true}]}}