{"id":15251,"date":"2024-04-25T14:23:34","date_gmt":"2024-04-25T12:23:34","guid":{"rendered":"https:\/\/fdp-aktiv.de\/blog\/?p=15251"},"modified":"2024-04-25T14:23:34","modified_gmt":"2024-04-25T12:23:34","slug":"berlin-lindemann-zum-vorverkaufsstart-des-29-euro-tickets","status":"publish","type":"post","link":"https:\/\/fdp-aktiv.de\/blog\/2024\/04\/25\/berlin-lindemann-zum-vorverkaufsstart-des-29-euro-tickets\/","title":{"rendered":"Berlin: LINDEMANN &#8211; zum Vorverkaufsstart des 29-Euro-Tickets"},"content":{"rendered":"<p>BERLIN. Lars F. Lindemann, Generalsekret\u00e4r der FDP Berlin, zum heutigen Start des Vorverkaufs f\u00fcr das 29-Euro-Ticket:<\/p>\n<p><em>\u201eDie Einf\u00fchrung des 29-Euro-Tickets f\u00fcr Berlin ist und bleibt falsch. Ein Projekt, bei dem sich der Berliner Senat vollkommen verrannt hat &#8211; jedoch nichts Neues unter Kai Wegner. Die 300 Millionen Euro j\u00e4hrlich h\u00e4tte die Hauptstadt besser verwenden m\u00fcssen &#8211; da, wo sie auch wirklich ben\u00f6tigt werden. Bildung, Digitalisierung oder auch der Wohnungsbau werden somit zur Nebensache unter Rot-Schwarz. Anstatt f\u00fcr einige Gruppen die Monatskarten weiter zu subventionieren, sollte sich der Berliner Senat lieber darum k\u00fcmmern, den Hauptstadt-\u00d6PNV sicherer, sauberer und zuverl\u00e4ssiger zu machen. Auch brauchen die Berlinerinnen und Berliner eine bessere Anbindung des \u00d6PNV an die Au\u00dfenbezirke. Leider aber greifen Kai Wegner &amp; Co lieber aufs Abstellgleis zur\u00fcck, anstatt f\u00fcr die Zukunft des Deutschlandtickets zu werben.\u201c <\/em><\/p>\n<p>&nbsp;<\/p>\n","protected":false},"excerpt":{"rendered":"<p>BERLIN. Lars F. Lindemann, Generalsekret\u00e4r der FDP Berlin, zum heutigen Start des Vorverkaufs f\u00fcr das 29-Euro-Ticket: \u201eDie Einf\u00fchrung des 29-Euro-Tickets f\u00fcr Berlin ist und bleibt falsch. Ein Projekt, bei dem [&#8230;]<\/p>\n","protected":false},"author":1,"featured_media":10345,"comment_status":"open","ping_status":"closed","sticky":false,"template":"","format":"standard","meta":{"footnotes":""},"categories":[144],"tags":[2719,706,3242],"class_list":["post-15251","post","type-post","status-publish","format-standard","has-post-thumbnail","hentry","category-verkehr-innenpolitik","tag-29-euro-ticket","tag-fdp-berlin","tag-lars-lindemann"],"_links":{"self":[{"href":"https:\/\/fdp-aktiv.de\/blog\/wp-json\/wp\/v2\/posts\/15251","targetHints":{"allow":["GET"]}}],"collection":[{"href":"https:\/\/fdp-aktiv.de\/blog\/wp-json\/wp\/v2\/posts"}],"about":[{"href":"https:\/\/fdp-aktiv.de\/blog\/wp-json\/wp\/v2\/types\/post"}],"author":[{"embeddable":true,"href":"https:\/\/fdp-aktiv.de\/blog\/wp-json\/wp\/v2\/users\/1"}],"replies":[{"embeddable":true,"href":"https:\/\/fdp-aktiv.de\/blog\/wp-json\/wp\/v2\/comments?post=15251"}],"version-history":[{"count":2,"href":"https:\/\/fdp-aktiv.de\/blog\/wp-json\/wp\/v2\/posts\/15251\/revisions"}],"predecessor-version":[{"id":15254,"href":"https:\/\/fdp-aktiv.de\/blog\/wp-json\/wp\/v2\/posts\/15251\/revisions\/15254"}],"wp:featuredmedia":[{"embeddable":true,"href":"https:\/\/fdp-aktiv.de\/blog\/wp-json\/wp\/v2\/media\/10345"}],"wp:attachment":[{"href":"https:\/\/fdp-aktiv.de\/blog\/wp-json\/wp\/v2\/media?parent=15251"}],"wp:term":[{"taxonomy":"category","embeddable":true,"href":"https:\/\/fdp-aktiv.de\/blog\/wp-json\/wp\/v2\/categories?post=15251"},{"taxonomy":"post_tag","embeddable":true,"href":"https:\/\/fdp-aktiv.de\/blog\/wp-json\/wp\/v2\/tags?post=15251"}],"curies":[{"name":"wp","href":"https:\/\/api.w.org\/{rel}","templated":true}]}}