{"id":1534,"date":"2021-06-04T09:20:08","date_gmt":"2021-06-04T07:20:08","guid":{"rendered":"https:\/\/fdp-aktiv.de\/blog\/?p=1534"},"modified":"2021-06-04T09:20:08","modified_gmt":"2021-06-04T07:20:08","slug":"westig-geplante-pflegereform-ist-leider-nur-stueckwerk","status":"publish","type":"post","link":"https:\/\/fdp-aktiv.de\/blog\/2021\/06\/04\/westig-geplante-pflegereform-ist-leider-nur-stueckwerk\/","title":{"rendered":"WESTIG: Geplante Pflegereform ist leider nur St\u00fcckwerk"},"content":{"rendered":"<div class=\"clearfix text-formatted field field--name-body field--type-text-with-summary field--label-hidden field__item\">\n<p>Zum Kabinettsbeschluss zur Pflegereform erkl\u00e4rt die pflegepolitische Sprecherin der FDP-Fraktion Nicole Westig:<\/p>\n<p><img loading=\"lazy\" decoding=\"async\" class=\"attachment-post-thumbnail size-post-thumbnail wp-post-image\" src=\"https:\/\/fdp-lohmar.de\/wp-content\/uploads\/2018\/04\/WestigNicole-1.jpg\" sizes=\"auto, (max-width: 2736px) 100vw, 2736px\" srcset=\"https:\/\/fdp-lohmar.de\/wp-content\/uploads\/2018\/04\/WestigNicole-1.jpg 2736w, https:\/\/fdp-lohmar.de\/wp-content\/uploads\/2018\/04\/WestigNicole-1-300x200.jpg 300w, https:\/\/fdp-lohmar.de\/wp-content\/uploads\/2018\/04\/WestigNicole-1-768x512.jpg 768w, https:\/\/fdp-lohmar.de\/wp-content\/uploads\/2018\/04\/WestigNicole-1-1024x683.jpg 1024w, https:\/\/fdp-lohmar.de\/wp-content\/uploads\/2018\/04\/WestigNicole-1-140x94.jpg 140w\" alt=\"\" width=\"2736\" height=\"1824\" \/><\/p>\n<p>\u201eDer FDP-Fraktion ist eine angemessene Bezahlung in der Pflege wichtig. Doch die geplante Pflegereform ist leider nur St\u00fcckwerk. So thematisiert sie beispielsweise die mehr als Zweidrittel der Pflegebed\u00fcrftigen, die zu Hause gepflegt werden, \u00fcberhaupt nicht. Die pflegenden Angeh\u00f6rigen brauchen dringend mehr Entlastung. Die Gro\u00dfe Koalition muss au\u00dferdem kl\u00e4ren, dass fl\u00e4chendeckende Tarifvertr\u00e4ge rechtssicher und verfassungskonform sind. Auch bei den steigenden Eigenanteilen f\u00fcr station\u00e4re Einrichtungen greift die Reform zu kurz. Wer einerseits h\u00f6here L\u00f6hne f\u00fcr Pflegekr\u00e4fte und andererseits geringere Eigenanteile verspricht, muss sagen, wie er das solide finanzieren will. Mit der Erh\u00f6hung des Zusatzbeitrags f\u00fcr Kinderlose macht sich die Bundesregierung hier einen schlanken Fu\u00df. Diese wird schnell zu einer Beitragssatzerh\u00f6hung f\u00fcr alle f\u00fchren. So wird vor allem die junge Generation \u00fcber Geb\u00fchr belastet. Die Regierung muss stattdessen die Finanzierung der Pflege endlich langfristig zukunftsfest machen.\u201c<\/p>\n<h3>Quelle:<\/h3>\n<p><a href=\"http:\/\/fdpbt.de\">Fraktion der Freien Demokraten im Deutschen Bundestag<\/a>\u00a0 \u00a0&#8211;\u00a0 \u00a002.06.21\u00a0 \u00a0&#8211;\u00a0 \u00a013:00 Uhr<\/p>\n<\/div>\n","protected":false},"excerpt":{"rendered":"<p>Zum Kabinettsbeschluss zur Pflegereform erkl\u00e4rt die pflegepolitische Sprecherin der FDP-Fraktion Nicole Westig: \u201eDer FDP-Fraktion ist eine angemessene Bezahlung in der Pflege wichtig. Doch die geplante Pflegereform ist leider nur St\u00fcckwerk. [&#8230;]<\/p>\n","protected":false},"author":1,"featured_media":0,"comment_status":"open","ping_status":"closed","sticky":false,"template":"","format":"standard","meta":{"footnotes":""},"categories":[123,8],"tags":[13,844,843],"class_list":["post-1534","post","type-post","status-publish","format-standard","hentry","category-gesundheit","category-wirtschaft","tag-fdp","tag-nicole-westig","tag-pflegereform"],"_links":{"self":[{"href":"https:\/\/fdp-aktiv.de\/blog\/wp-json\/wp\/v2\/posts\/1534","targetHints":{"allow":["GET"]}}],"collection":[{"href":"https:\/\/fdp-aktiv.de\/blog\/wp-json\/wp\/v2\/posts"}],"about":[{"href":"https:\/\/fdp-aktiv.de\/blog\/wp-json\/wp\/v2\/types\/post"}],"author":[{"embeddable":true,"href":"https:\/\/fdp-aktiv.de\/blog\/wp-json\/wp\/v2\/users\/1"}],"replies":[{"embeddable":true,"href":"https:\/\/fdp-aktiv.de\/blog\/wp-json\/wp\/v2\/comments?post=1534"}],"version-history":[{"count":1,"href":"https:\/\/fdp-aktiv.de\/blog\/wp-json\/wp\/v2\/posts\/1534\/revisions"}],"predecessor-version":[{"id":1535,"href":"https:\/\/fdp-aktiv.de\/blog\/wp-json\/wp\/v2\/posts\/1534\/revisions\/1535"}],"wp:attachment":[{"href":"https:\/\/fdp-aktiv.de\/blog\/wp-json\/wp\/v2\/media?parent=1534"}],"wp:term":[{"taxonomy":"category","embeddable":true,"href":"https:\/\/fdp-aktiv.de\/blog\/wp-json\/wp\/v2\/categories?post=1534"},{"taxonomy":"post_tag","embeddable":true,"href":"https:\/\/fdp-aktiv.de\/blog\/wp-json\/wp\/v2\/tags?post=1534"}],"curies":[{"name":"wp","href":"https:\/\/api.w.org\/{rel}","templated":true}]}}