{"id":15413,"date":"2024-05-24T05:59:32","date_gmt":"2024-05-24T03:59:32","guid":{"rendered":"https:\/\/fdp-aktiv.de\/blog\/?p=15413"},"modified":"2024-05-24T05:59:32","modified_gmt":"2024-05-24T03:59:32","slug":"baden-wuerttemberg-kern-bin-nicht-bereit-mich-an-bildungspolitisches-mittelmass-zu-gewoehnen","status":"publish","type":"post","link":"https:\/\/fdp-aktiv.de\/blog\/2024\/05\/24\/baden-wuerttemberg-kern-bin-nicht-bereit-mich-an-bildungspolitisches-mittelmass-zu-gewoehnen\/","title":{"rendered":"Baden-W\u00fcrttemberg &#8211; Kern: Bin nicht bereit, mich an bildungspolitisches Mittelma\u00df zu gew\u00f6hnen"},"content":{"rendered":"<p>Umfrage des VBE zeigt deutlichen Nachholbedarf in der Lehrerfortbildung in Baden-W\u00fcrttemberg auf<\/p>\n<p>Zur Online-Pressekonferenz des Verbands Bildung und Erziehung Baden-W\u00fcrttemberg, in der die Forsa-Umfrage \u201eLehrkr\u00e4ftefortbildung in Baden-W\u00fcrttemberg\u201c vorgestellt wurde, sagt der bildungspolitische Sprecher der FDP\/DVP-Fraktion, <strong>Dr. Timm Kern:<\/strong><\/p>\n<p>\u201e\u00dcber maximal einen Mittelfeldplatz kommt Baden-W\u00fcrttemberg seit Regierungsantritt der Gr\u00fcnen in quasi keinem Bildungsranking mehr hinaus \u2013 oft muss man \u00fcber einen solchen sogar fast schon froh sein. In diese Reihe passt auch die aktuelle repr\u00e4sentative Umfrage des VBE zur Lehrerfortbildung in Baden-W\u00fcrttemberg: Das Fortbildungsangebot wird von den Praktikern an den Schulen mit der Durchschnittsnote 2,8 bewertet \u2013 ein Ergebnis, dass absolut nicht zufriedenstellend ist. Diese Entwicklung h\u00e4ngt auch ganz entscheidend mit einer der vielen bildungspolitischen Fehlentscheidungen von Gr\u00fcn-Schwarz zusammen: Der weitgehend \u00fcberfl\u00fcssigen Einf\u00fchrung des ZSL (Zentrum f\u00fcr Schulqualit\u00e4t und Lehrerbildung), mit der gut funktionierende Strukturen der Lehrerfortbildung in den Seminaren zerst\u00f6rt wurden. So sind gerade einmal 24% der Lehrkr\u00e4fte der Meinung, durch die Einf\u00fchrung des ZSL habe sich die Qualit\u00e4t der Lehrerfortbildung verbessert \u2013 obwohl gerade das ja das erkl\u00e4rte Ziel dieser Ma\u00dfnahme war.<\/p>\n<p>Dabei w\u00e4re es bei der Lehrerfortbildung v. a. zu Fragen der Digitalisierung dringend notwendig, deutlich besser zu werden. Der korrekte Umgang mit digitalen Medien und auch die Medienkompetenz, zu erkennen, welchen Quellen man online trauen kann und welchen nicht, sind heute wichtiger denn je. Damit diese Kompetenzen unseren Sch\u00fclerinnen und Sch\u00fclern optimal vermittelt werden k\u00f6nnen, brauchen wir die bestm\u00f6gliche Unterst\u00fctzung f\u00fcr Lehrkr\u00e4fte in Baden-W\u00fcrttemberg.<\/p>\n<p>Ich bin jedenfalls nicht bereit, mich an das bildungspolitische Mittelma\u00df f\u00fcr Baden-W\u00fcrttemberg zu gew\u00f6hnen.\u201c<\/p>\n","protected":false},"excerpt":{"rendered":"<p>Umfrage des VBE zeigt deutlichen Nachholbedarf in der Lehrerfortbildung in Baden-W\u00fcrttemberg auf Zur Online-Pressekonferenz des Verbands Bildung und Erziehung Baden-W\u00fcrttemberg, in der die Forsa-Umfrage \u201eLehrkr\u00e4ftefortbildung in Baden-W\u00fcrttemberg\u201c vorgestellt wurde, sagt [&#8230;]<\/p>\n","protected":false},"author":1,"featured_media":4661,"comment_status":"open","ping_status":"closed","sticky":false,"template":"","format":"standard","meta":{"footnotes":""},"categories":[34],"tags":[4094,650,4095,2914,188,4006,2046],"class_list":["post-15413","post","type-post","status-publish","format-standard","has-post-thumbnail","hentry","category-bildung","tag-bildungsranking","tag-fdp-dvp","tag-forsa-umfrage","tag-fortbildung","tag-lehrer","tag-vbe","tag-zsl"],"_links":{"self":[{"href":"https:\/\/fdp-aktiv.de\/blog\/wp-json\/wp\/v2\/posts\/15413","targetHints":{"allow":["GET"]}}],"collection":[{"href":"https:\/\/fdp-aktiv.de\/blog\/wp-json\/wp\/v2\/posts"}],"about":[{"href":"https:\/\/fdp-aktiv.de\/blog\/wp-json\/wp\/v2\/types\/post"}],"author":[{"embeddable":true,"href":"https:\/\/fdp-aktiv.de\/blog\/wp-json\/wp\/v2\/users\/1"}],"replies":[{"embeddable":true,"href":"https:\/\/fdp-aktiv.de\/blog\/wp-json\/wp\/v2\/comments?post=15413"}],"version-history":[{"count":1,"href":"https:\/\/fdp-aktiv.de\/blog\/wp-json\/wp\/v2\/posts\/15413\/revisions"}],"predecessor-version":[{"id":15416,"href":"https:\/\/fdp-aktiv.de\/blog\/wp-json\/wp\/v2\/posts\/15413\/revisions\/15416"}],"wp:featuredmedia":[{"embeddable":true,"href":"https:\/\/fdp-aktiv.de\/blog\/wp-json\/wp\/v2\/media\/4661"}],"wp:attachment":[{"href":"https:\/\/fdp-aktiv.de\/blog\/wp-json\/wp\/v2\/media?parent=15413"}],"wp:term":[{"taxonomy":"category","embeddable":true,"href":"https:\/\/fdp-aktiv.de\/blog\/wp-json\/wp\/v2\/categories?post=15413"},{"taxonomy":"post_tag","embeddable":true,"href":"https:\/\/fdp-aktiv.de\/blog\/wp-json\/wp\/v2\/tags?post=15413"}],"curies":[{"name":"wp","href":"https:\/\/api.w.org\/{rel}","templated":true}]}}