{"id":1546,"date":"2021-06-05T09:49:01","date_gmt":"2021-06-05T07:49:01","guid":{"rendered":"https:\/\/fdp-aktiv.de\/blog\/?p=1546"},"modified":"2021-11-12T11:01:51","modified_gmt":"2021-11-12T10:01:51","slug":"forschung-an-uniklinik-jena-hoffnung-fuer-long-covid-patienten","status":"publish","type":"post","link":"https:\/\/fdp-aktiv.de\/blog\/2021\/06\/05\/forschung-an-uniklinik-jena-hoffnung-fuer-long-covid-patienten\/","title":{"rendered":"Forschung an Uniklinik Jena: Hoffnung f\u00fcr Long-Covid-Patienten"},"content":{"rendered":"<div class=\"clearfix text-formatted field field--name-body field--type-text-with-summary field--label-hidden field__item\">\n<p><strong>Initiative der FDP-Fraktion zur Erforschung der Krankheit wird von CDU und R2G mitgetragen<\/strong><\/p>\n<p>Unter Beteiligung des Universit\u00e4tsklinikums Jena soll ein mitteldeutsches Zentrum zur Erforschung von Long-Covid entstehen. Das hat der Th\u00fcringer Landtag heute auf Initiative der FDP-Fraktion beschlossen. Diese wurde zun\u00e4chst von der CDU-Fraktion mitgetragen; nun haben sich dem Antrag auch die R2G-Fraktionen angeschlossen. Dazu erkl\u00e4rt Robert-Martin Montag, gesundheitspolitischer Sprecher der Freien Demokraten im Th\u00fcringer Landtag:<\/p>\n<figure id=\"attachment_1547\" aria-describedby=\"caption-attachment-1547\" style=\"width: 790px\" class=\"wp-caption alignnone\"><img loading=\"lazy\" decoding=\"async\" class=\"size-full wp-image-1547\" src=\"https:\/\/fdp-aktiv.de\/blog\/wp-content\/uploads\/2021\/06\/Martin_Montag_fdpth.jpg\" alt=\"Robert-Martin Montag Robert-Martin Montag\" width=\"790\" height=\"700\" srcset=\"https:\/\/fdp-aktiv.de\/blog\/wp-content\/uploads\/2021\/06\/Martin_Montag_fdpth.jpg 790w, https:\/\/fdp-aktiv.de\/blog\/wp-content\/uploads\/2021\/06\/Martin_Montag_fdpth-300x266.jpg 300w, https:\/\/fdp-aktiv.de\/blog\/wp-content\/uploads\/2021\/06\/Martin_Montag_fdpth-768x681.jpg 768w\" sizes=\"auto, (max-width: 790px) 100vw, 790px\" \/><figcaption id=\"caption-attachment-1547\" class=\"wp-caption-text\">Robert-Martin Montag<\/p>\n<p><\/figcaption><\/figure>\n<p>\u201eHeute ist ein wegweisender Tag f\u00fcr alle Patientinnen und Patienten, die unter Long-Covid und der damit in Verbindung stehenden Erkrankung ME\/CFS* leiden. Wir freuen uns sehr, bei einem so wichtigen Thema breite Unterst\u00fctzung zu finden. Das ist kein Zufall, sondern Ausdruck unserer konstruktiven, beharrlichen Arbeit in der Opposition. Th\u00fcringen \u00fcbernimmt mit dieser Initiative eine Vorreiterrolle. Wir legen bundesweit den ersten strukturierten L\u00f6sungsansatz vor, der den Bereich der Grundlagenforschung und konkrete Versorgungsfragen miteinander verbindet.\u201c<\/p>\n<p>Noch ist \u00fcber das Krankheitsbild Long-Covid viel zu wenig bekannt. Die Betroffenen leiden noch Monate nach der Infektion an einer schweren k\u00f6rperlichen Ersch\u00f6pfbarkeit infolge einer Belastungsintoleranz, M\u00fcdigkeit, Konzentrationsst\u00f6rungen, Husten und Geschmacksverlust. Neben ambulanter oder station\u00e4rer Versorgung sind die Patienten teilweise auf langwierige Reha-Therapien angewiesen. Die jetzige Initiative hat zum Ziel, die Erforschung der Krankheit zu st\u00e4rken und so die Versorgungssituation der Patienten zu verbessern.<\/p>\n<p>* Myalgische Enzephalomyelitis\/Chronisches Fatigue Syndrom<\/p>\n<h3>Quelle:<\/h3>\n<p><a href=\"http:\/\/fdpltth.de\">fdpltth.de<\/a>&nbsp; &nbsp;&#8211;&nbsp; &nbsp;04.06.21&nbsp; &nbsp;&#8211;&nbsp; &nbsp;10:00 Uhr<\/p>\n<p>Weitere Themen:<\/p>\n<ul>\n<li><a title=\"SITTA: Bundesregierung verpasst notwendigen Neustart in der Klimaschutzpolitik\" href=\"https:\/\/fdp-aktiv.de\/blog\/2021\/06\/05\/sitta-bundesregierung-verpasst-notwendigen-neustart-in-der-klimaschutzpolitik\/\">SITTA: Bundesregierung verpasst notwendigen Neustart in der Klimaschutzpolitik<\/a><\/li>\n<li><a title=\"Bitkom @eight mit FDP-Generalsekret\u00e4r Dr. Volker Wissing\" href=\"https:\/\/fdp-aktiv.de\/blog\/2021\/06\/05\/bitkom-eight-mit-fdp-generalsekretaer-dr-volker-wissing\/\">Bitkom @eight mit FDP-Generalsekret\u00e4r Dr. Volker Wissing<\/a><\/li>\n<\/ul>\n<p>&nbsp;<\/p>\n<\/div>\n<p>&nbsp;<\/p>\n","protected":false},"excerpt":{"rendered":"<p>Initiative der FDP-Fraktion zur Erforschung der Krankheit wird von CDU und R2G mitgetragen Unter Beteiligung des Universit\u00e4tsklinikums Jena soll ein mitteldeutsches Zentrum zur Erforschung von Long-Covid entstehen. Das hat der [&#8230;]<\/p>\n","protected":false},"author":1,"featured_media":0,"comment_status":"open","ping_status":"closed","sticky":false,"template":"","format":"standard","meta":{"footnotes":""},"categories":[4,123],"tags":[851,850,710],"class_list":["post-1546","post","type-post","status-publish","format-standard","hentry","category-covid-19","category-gesundheit","tag-ersatzkassenpruefer","tag-long-covid","tag-robert-martin-montag"],"_links":{"self":[{"href":"https:\/\/fdp-aktiv.de\/blog\/wp-json\/wp\/v2\/posts\/1546","targetHints":{"allow":["GET"]}}],"collection":[{"href":"https:\/\/fdp-aktiv.de\/blog\/wp-json\/wp\/v2\/posts"}],"about":[{"href":"https:\/\/fdp-aktiv.de\/blog\/wp-json\/wp\/v2\/types\/post"}],"author":[{"embeddable":true,"href":"https:\/\/fdp-aktiv.de\/blog\/wp-json\/wp\/v2\/users\/1"}],"replies":[{"embeddable":true,"href":"https:\/\/fdp-aktiv.de\/blog\/wp-json\/wp\/v2\/comments?post=1546"}],"version-history":[{"count":2,"href":"https:\/\/fdp-aktiv.de\/blog\/wp-json\/wp\/v2\/posts\/1546\/revisions"}],"predecessor-version":[{"id":3195,"href":"https:\/\/fdp-aktiv.de\/blog\/wp-json\/wp\/v2\/posts\/1546\/revisions\/3195"}],"wp:attachment":[{"href":"https:\/\/fdp-aktiv.de\/blog\/wp-json\/wp\/v2\/media?parent=1546"}],"wp:term":[{"taxonomy":"category","embeddable":true,"href":"https:\/\/fdp-aktiv.de\/blog\/wp-json\/wp\/v2\/categories?post=1546"},{"taxonomy":"post_tag","embeddable":true,"href":"https:\/\/fdp-aktiv.de\/blog\/wp-json\/wp\/v2\/tags?post=1546"}],"curies":[{"name":"wp","href":"https:\/\/api.w.org\/{rel}","templated":true}]}}