{"id":15505,"date":"2024-06-07T05:50:21","date_gmt":"2024-06-07T03:50:21","guid":{"rendered":"https:\/\/fdp-aktiv.de\/blog\/?p=15505"},"modified":"2024-06-07T05:50:21","modified_gmt":"2024-06-07T03:50:21","slug":"beispiel-an-tschechien-nehmen-fdp-sachsen-fordert-bessere-integration-der-ukraine-in-den-ersten-arbeitsmarkt","status":"publish","type":"post","link":"https:\/\/fdp-aktiv.de\/blog\/2024\/06\/07\/beispiel-an-tschechien-nehmen-fdp-sachsen-fordert-bessere-integration-der-ukraine-in-den-ersten-arbeitsmarkt\/","title":{"rendered":"Beispiel an Tschechien nehmen: FDP Sachsen fordert bessere Integration der Ukraine in den ersten Arbeitsmarkt"},"content":{"rendered":"<p><strong><em> Raus aus dem B\u00fcrgergeld und rein in die Jobs. Das fordert die FDP Sachsen f\u00fcr ukrainische Kriegsfl\u00fcchtlinge vor dem Hintergrund steigender Sozialausgaben. In anderen L\u00e4ndern funktioniert das bereits, beispielsweise bei unseren tschechischen Nachbarn.<\/em><\/strong><\/p>\n<p>\u201cEs ist bemerkenswert, wie es die Tschechen geschafft haben, in ihrem Land so viele Ukrainer im ersten Arbeitsmarkt zu integrieren, dass sie mittlerweile sogar einen Mehrwert f\u00fcr den Staatshaushalt generieren, weil sie aufgrund der Arbeit in sozialversicherungspflichtigen Jobs in die Sozialsysteme einzahlen\u201d, erkl\u00e4rt dazu Robert Malorny, Spitzenkandidat der s\u00e4chsischen FDP f\u00fcr die Landtagswahl im September.<\/p>\n<p>In Deutschland dagegen k\u00f6nnte das B\u00fcrgergeld f\u00fcr Ukrainer in diesem Jahr nach Angaben des Bundesfinanzministeriums mit bis zu sechs Milliarden Euro zu Buche schlagen. Denn von den 850.000 ukrainischen Fl\u00fcchtlingen in Deutschland haben nur rund 215.000 einen Job, also knapp 25 Prozent.<\/p>\n<p>\u201cDas muss sich schnellstens \u00e4ndern. Dass die Ukrainer sich nicht ausruhen wollen, zeigen ja ihre Landsleute in Tschechien. Wir m\u00fcssen so schnell wie m\u00f6glich die richtigen Wege und Anreize zum ersten Arbeitsmarkt frei machen. Denn dieser erste Arbeitsmarkt bedeutet Steuern statt St\u00fctze\u201d, sagt Robert Malorny. Er sieht auch den Freistaat Sachsen in einer besonderen Pflicht. \u201cDie Staatsregierung leistet sich mehrere Ministerien, die auch das Thema Integration betreuen. Da muss es doch m\u00f6glich sein, die Menschen in die Firmen zu bringen, die dringend Mitarbeiterinnen und Mitarbeiter f\u00fcr einfach anzulernende T\u00e4tigkeiten suchen. In Gastronomie, Hotellerie und Industrie ist enormer Bedarf.\u201d<\/p>\n<p>Zugleich muss die Anerkennung ausl\u00e4ndischer Abschl\u00fcsse einfacher werden. Auch dadurch kommen Migranten besser in den ersten Arbeitsmarkt. \u201cDie Vorteile liegen auf der Hand. \u00d6ffentliche Kassen werden entlastet und das Selbstwertgef\u00fchl der Migranten gef\u00f6rdert. Zudem tr\u00e4gt es zur L\u00f6sung des Fachkr\u00e4fteproblems bei\u201d, erkl\u00e4rt Robert Malorny abschlie\u00dfend.<\/p>\n<p>&nbsp;<\/p>\n","protected":false},"excerpt":{"rendered":"<p>Raus aus dem B\u00fcrgergeld und rein in die Jobs. Das fordert die FDP Sachsen f\u00fcr ukrainische Kriegsfl\u00fcchtlinge vor dem Hintergrund steigender Sozialausgaben. In anderen L\u00e4ndern funktioniert das bereits, beispielsweise bei [&#8230;]<\/p>\n","protected":false},"author":1,"featured_media":12571,"comment_status":"open","ping_status":"closed","sticky":false,"template":"","format":"standard","meta":{"footnotes":""},"categories":[5],"tags":[2548,1664,2065,3055],"class_list":["post-15505","post","type-post","status-publish","format-standard","has-post-thumbnail","hentry","category-aussenpolitik","tag-buergergeld","tag-fdp-sachsen","tag-fluechtlinge","tag-robert-malorny"],"_links":{"self":[{"href":"https:\/\/fdp-aktiv.de\/blog\/wp-json\/wp\/v2\/posts\/15505","targetHints":{"allow":["GET"]}}],"collection":[{"href":"https:\/\/fdp-aktiv.de\/blog\/wp-json\/wp\/v2\/posts"}],"about":[{"href":"https:\/\/fdp-aktiv.de\/blog\/wp-json\/wp\/v2\/types\/post"}],"author":[{"embeddable":true,"href":"https:\/\/fdp-aktiv.de\/blog\/wp-json\/wp\/v2\/users\/1"}],"replies":[{"embeddable":true,"href":"https:\/\/fdp-aktiv.de\/blog\/wp-json\/wp\/v2\/comments?post=15505"}],"version-history":[{"count":1,"href":"https:\/\/fdp-aktiv.de\/blog\/wp-json\/wp\/v2\/posts\/15505\/revisions"}],"predecessor-version":[{"id":15508,"href":"https:\/\/fdp-aktiv.de\/blog\/wp-json\/wp\/v2\/posts\/15505\/revisions\/15508"}],"wp:featuredmedia":[{"embeddable":true,"href":"https:\/\/fdp-aktiv.de\/blog\/wp-json\/wp\/v2\/media\/12571"}],"wp:attachment":[{"href":"https:\/\/fdp-aktiv.de\/blog\/wp-json\/wp\/v2\/media?parent=15505"}],"wp:term":[{"taxonomy":"category","embeddable":true,"href":"https:\/\/fdp-aktiv.de\/blog\/wp-json\/wp\/v2\/categories?post=15505"},{"taxonomy":"post_tag","embeddable":true,"href":"https:\/\/fdp-aktiv.de\/blog\/wp-json\/wp\/v2\/tags?post=15505"}],"curies":[{"name":"wp","href":"https:\/\/api.w.org\/{rel}","templated":true}]}}