{"id":1557,"date":"2021-06-07T08:42:38","date_gmt":"2021-06-07T06:42:38","guid":{"rendered":"https:\/\/fdp-aktiv.de\/blog\/?p=1557"},"modified":"2021-06-07T08:42:38","modified_gmt":"2021-06-07T06:42:38","slug":"lindner-statement-sachsen-anhalt-hat-die-politische-mitte-gestaerkt","status":"publish","type":"post","link":"https:\/\/fdp-aktiv.de\/blog\/2021\/06\/07\/lindner-statement-sachsen-anhalt-hat-die-politische-mitte-gestaerkt\/","title":{"rendered":"LINDNER-Statement: Sachsen-Anhalt hat die politische Mitte gest\u00e4rkt"},"content":{"rendered":"<figure id=\"attachment_1558\" aria-describedby=\"caption-attachment-1558\" style=\"width: 652px\" class=\"wp-caption alignnone\"><img loading=\"lazy\" decoding=\"async\" class=\"size-full wp-image-1558\" src=\"https:\/\/fdp-aktiv.de\/blog\/wp-content\/uploads\/2021\/06\/11-lindner-christian.jpg\" alt=\"Christian Lindner, FDP\" width=\"652\" height=\"368\" srcset=\"https:\/\/fdp-aktiv.de\/blog\/wp-content\/uploads\/2021\/06\/11-lindner-christian.jpg 652w, https:\/\/fdp-aktiv.de\/blog\/wp-content\/uploads\/2021\/06\/11-lindner-christian-300x169.jpg 300w\" sizes=\"auto, (max-width: 652px) 100vw, 652px\" \/><figcaption id=\"caption-attachment-1558\" class=\"wp-caption-text\">Christian Lindner, FDP<\/figcaption><\/figure>\n<div class=\"clearfix text-formatted field field--name-body field--type-text-with-summary field--label-hidden field__item\">\n<p>Zum Ausgang der Landtagswahl\u00a0in Sachsen-Anhalt gab der FDP-Bundesvorsitzende Christian Lindner\u00a0heute folgendes\u00a0Statement ab:<\/p>\n<p>Der heutige Abend ist ein guter Abend f\u00fcr die Freien Demokraten in ganz Deutschland. Nach zehn Jahren\u00a0werden jetzt wieder Freie Demokraten im Landtag von Sachsen-Anhalt vertreten sein. Im Heimatland von Hans-Dietrich Genscher gibt es nun wieder eine liberale Parlamentsfraktion und dar\u00fcber freuen wir uns. Ein wichtiges politisches Signal in diesem Wahljahr \u00fcber die Landesgrenzen hinaus.<\/p>\n<p>Wir gratulieren Lydia H\u00fcskens, unserer Spitzenkandidatin und ihrem Team, die dort aus der au\u00dferparlamentarischen Opposition heraus einen engagierten Wahlkampf gef\u00fchrt haben. Wir haben gemeinsam gestritten f\u00fcr mehr R\u00fccksicht auf die Freiheits- und B\u00fcrgerrechte der Menschen in der Pandemie. Dar\u00fcber hinaus haben wir uns eingesetzt f\u00fcr eine kluge wirtschaftliche Politik, um das Land hochzufahren.<\/p>\n<p>Wir haben die digitalen Defizite im Land angesprochen und Vorschl\u00e4ge gemacht. Und wir wollen das Bildungssystem modernisieren. Das sind wichtige Themen. Wichtige Botschaften, auch \u00fcber Sachsen-Anhalt hinaus, welche die Zustimmung der B\u00fcrgerinnen und B\u00fcrger gefunden haben.<\/p>\n<p>Dieser Tag ist allerdings nicht nur f\u00fcr die Freien Demokraten ein Grund zur Freude, sondern es ist Freude f\u00fcr alle Demokraten angezeigt. Die W\u00e4hlerinnen und W\u00e4hler in Sachsen-Anhalt haben die politische Mitte gest\u00e4rkt. Deshalb gratulieren wir heute auch dem Ministerpr\u00e4sidenten Reiner Haseloff zu seinem sehr guten Wahlergebnis. Er hat dieses Wahlergebnis erreicht, auch als eine Kraft, die vor der AfD gewarnt hat. Eine wichtige Richtungsentscheidung.<\/p>\n<p>Fraglos haben auch wir Freie Demokraten auf den letzten Metern noch an die CDU abgegeben. Die CDU hat, das war in den letzten Tagen sp\u00fcrbar, eine Art Sondermobilisierung gehabt, wegen des von manchen bef\u00fcrchteten Kopf-an-Kopf-Rennens mit der AfD. Dazu kam es heute nicht und das ist eine gute Botschaft, \u00fcber die wir uns auch von Herzen freuen k\u00f6nnen.<\/p>\n<p><span lang=\"EN-US\" xml:lang=\"EN-US\">Jetzt wird der Abend und werden die n\u00e4chsten Tage und Wochen sehr spannend<\/span>. Reiner Haseloff hat jetzt den Regierungsauftrag und er hat, so wie es aussieht, daf\u00fcr verschiedene Optionen. Wir wissen, dass unsere Freundinnen und Freunde in Sachsen-Anhalt bereit sind zur \u00dcbernahme von Verantwortung f\u00fcr dieses Land, wenn Richtiges, wenn Gutes bewirkt werden kann.<\/p>\n<p>Und deshalb sind wir an diesem Abend sehr zufrieden mit unserem jetzigen Ergebnis, aber auch voller Optimismus, was die n\u00e4chsten Wochen im Land Sachsen-Anhalt angeht. Und wir f\u00fchlen uns best\u00e4rkt in unserem Kurs und in unseren Bem\u00fchungen, auch in der Bundespolitik einen Unterschied zu machen und dem Land eine andere Richtung zu geben. Vielen Dank!<\/p>\n<\/div>\n<h3>Quelle:<\/h3>\n<p><a href=\"http:\/\/FDP.de\">Freie Demokraten<\/a>\u00a0 \u00a0&#8211;\u00a0 \u00a006.06.21\u00a0 \u00a0&#8211;\u00a0 \u00a020:00 Uhr<\/p>\n","protected":false},"excerpt":{"rendered":"<p>Zum Ausgang der Landtagswahl\u00a0in Sachsen-Anhalt gab der FDP-Bundesvorsitzende Christian Lindner\u00a0heute folgendes\u00a0Statement ab: Der heutige Abend ist ein guter Abend f\u00fcr die Freien Demokraten in ganz Deutschland. Nach zehn Jahren\u00a0werden jetzt [&#8230;]<\/p>\n","protected":false},"author":1,"featured_media":0,"comment_status":"open","ping_status":"closed","sticky":false,"template":"","format":"standard","meta":{"footnotes":""},"categories":[6],"tags":[12,13,857,858,859],"class_list":["post-1557","post","type-post","status-publish","format-standard","hentry","category-politik","tag-christian-lindner","tag-fdp","tag-fdp-lsa","tag-lydia-hueskens","tag-wahlerfolg"],"_links":{"self":[{"href":"https:\/\/fdp-aktiv.de\/blog\/wp-json\/wp\/v2\/posts\/1557","targetHints":{"allow":["GET"]}}],"collection":[{"href":"https:\/\/fdp-aktiv.de\/blog\/wp-json\/wp\/v2\/posts"}],"about":[{"href":"https:\/\/fdp-aktiv.de\/blog\/wp-json\/wp\/v2\/types\/post"}],"author":[{"embeddable":true,"href":"https:\/\/fdp-aktiv.de\/blog\/wp-json\/wp\/v2\/users\/1"}],"replies":[{"embeddable":true,"href":"https:\/\/fdp-aktiv.de\/blog\/wp-json\/wp\/v2\/comments?post=1557"}],"version-history":[{"count":1,"href":"https:\/\/fdp-aktiv.de\/blog\/wp-json\/wp\/v2\/posts\/1557\/revisions"}],"predecessor-version":[{"id":1559,"href":"https:\/\/fdp-aktiv.de\/blog\/wp-json\/wp\/v2\/posts\/1557\/revisions\/1559"}],"wp:attachment":[{"href":"https:\/\/fdp-aktiv.de\/blog\/wp-json\/wp\/v2\/media?parent=1557"}],"wp:term":[{"taxonomy":"category","embeddable":true,"href":"https:\/\/fdp-aktiv.de\/blog\/wp-json\/wp\/v2\/categories?post=1557"},{"taxonomy":"post_tag","embeddable":true,"href":"https:\/\/fdp-aktiv.de\/blog\/wp-json\/wp\/v2\/tags?post=1557"}],"curies":[{"name":"wp","href":"https:\/\/api.w.org\/{rel}","templated":true}]}}