{"id":15579,"date":"2024-06-26T08:46:22","date_gmt":"2024-06-26T06:46:22","guid":{"rendered":"https:\/\/fdp-aktiv.de\/blog\/?p=15579"},"modified":"2024-06-26T08:46:22","modified_gmt":"2024-06-26T06:46:22","slug":"hamburg-blume-schreiende-ungerechtigkeiten-rot-gruener-wohnungspolitik","status":"publish","type":"post","link":"https:\/\/fdp-aktiv.de\/blog\/2024\/06\/26\/hamburg-blume-schreiende-ungerechtigkeiten-rot-gruener-wohnungspolitik\/","title":{"rendered":"Hamburg \u2013 Blume: Schreiende Ungerechtigkeiten rot-gr\u00fcner Wohnungspolitik"},"content":{"rendered":"<div class=\"clearfix text-formatted field field--name-body field--type-text-with-summary field--label-hidden field__item\">\n<p><strong>Zur Diskussion um die Fehlbelegungsabgabe erkl\u00e4rt die stv. FDP-Landesvorsitzende Katarina Blume:\u00a0<\/strong><br \/>\n\u201eWenn in Hamburg Million\u00e4re in Sozialwohnungen leben und Familien mit 80.000 Euro Einkommen einen Antrag auf gef\u00f6rderten Wohnraum stellen, muss man sich fragen, zu welchem wohnungspolitischen Absurdistan unsere Stadt geworden ist. Leidtragende sind junge Studenten und Geringverdiener. Sozialwohnungen fallen in gro\u00dfer Zahl aus der Bindung und jede Wohnung, die fehlbelegt ist, verhindert, dass eine bed\u00fcrftige Familie einen g\u00fcnstigen Platz zum Leben findet. Gegen dieses Problem wird die Stadt kaum \u201aanbauen\u2018 k\u00f6nnen.<\/p>\n<p>Eine Fehlbelegungsabgabe muss dringend eingef\u00fchrt und ihr Vollzug konsequent umgesetzt werden. Hier auf b\u00fcrokratischen Aufwand zu verweisen, ist eine Verschleierungs-Taktik, denn \u00fcber eine digitale Verwaltung l\u00e4sst sich das umsetzen.<\/p>\n<p>Jetzt ist es wichtig, den ganzen Weg zu gehen und Gutverdienern in Sozialwohnungen die Differenz zu orts\u00fcblichen Mieten in Rechnung zu stellen. Das gilt auch dann, wenn es sich bei vielen Betroffenen um eine langj\u00e4hrig gepflegte Klientel der SPD handelt.\u201c<\/p>\n<\/div>\n","protected":false},"excerpt":{"rendered":"<p>Zur Diskussion um die Fehlbelegungsabgabe erkl\u00e4rt die stv. FDP-Landesvorsitzende Katarina Blume:\u00a0 \u201eWenn in Hamburg Million\u00e4re in Sozialwohnungen leben und Familien mit 80.000 Euro Einkommen einen Antrag auf gef\u00f6rderten Wohnraum stellen, [&#8230;]<\/p>\n","protected":false},"author":1,"featured_media":3754,"comment_status":"open","ping_status":"closed","sticky":false,"template":"","format":"standard","meta":{"footnotes":""},"categories":[207],"tags":[1387,1787,3737,1411],"class_list":["post-15579","post","type-post","status-publish","format-standard","has-post-thumbnail","hentry","category-familie-wohnen","tag-fdp-hamburg","tag-katarina-blume","tag-sozialwohnungen","tag-wohnungspolitik"],"_links":{"self":[{"href":"https:\/\/fdp-aktiv.de\/blog\/wp-json\/wp\/v2\/posts\/15579","targetHints":{"allow":["GET"]}}],"collection":[{"href":"https:\/\/fdp-aktiv.de\/blog\/wp-json\/wp\/v2\/posts"}],"about":[{"href":"https:\/\/fdp-aktiv.de\/blog\/wp-json\/wp\/v2\/types\/post"}],"author":[{"embeddable":true,"href":"https:\/\/fdp-aktiv.de\/blog\/wp-json\/wp\/v2\/users\/1"}],"replies":[{"embeddable":true,"href":"https:\/\/fdp-aktiv.de\/blog\/wp-json\/wp\/v2\/comments?post=15579"}],"version-history":[{"count":1,"href":"https:\/\/fdp-aktiv.de\/blog\/wp-json\/wp\/v2\/posts\/15579\/revisions"}],"predecessor-version":[{"id":15580,"href":"https:\/\/fdp-aktiv.de\/blog\/wp-json\/wp\/v2\/posts\/15579\/revisions\/15580"}],"wp:featuredmedia":[{"embeddable":true,"href":"https:\/\/fdp-aktiv.de\/blog\/wp-json\/wp\/v2\/media\/3754"}],"wp:attachment":[{"href":"https:\/\/fdp-aktiv.de\/blog\/wp-json\/wp\/v2\/media?parent=15579"}],"wp:term":[{"taxonomy":"category","embeddable":true,"href":"https:\/\/fdp-aktiv.de\/blog\/wp-json\/wp\/v2\/categories?post=15579"},{"taxonomy":"post_tag","embeddable":true,"href":"https:\/\/fdp-aktiv.de\/blog\/wp-json\/wp\/v2\/tags?post=15579"}],"curies":[{"name":"wp","href":"https:\/\/api.w.org\/{rel}","templated":true}]}}