{"id":1560,"date":"2021-06-07T14:47:41","date_gmt":"2021-06-07T12:47:41","guid":{"rendered":"https:\/\/fdp-aktiv.de\/blog\/?p=1560"},"modified":"2021-09-17T05:10:24","modified_gmt":"2021-09-17T03:10:24","slug":"wissing-statement-regierung-muss-internen-streit-ueber-masken-beilegen-und-zuegig-fakten-offenlegen","status":"publish","type":"post","link":"https:\/\/fdp-aktiv.de\/blog\/2021\/06\/07\/wissing-statement-regierung-muss-internen-streit-ueber-masken-beilegen-und-zuegig-fakten-offenlegen\/","title":{"rendered":"WISSING-Statement: Regierung muss internen Streit \u00fcber Masken beilegen und z\u00fcgig Fakten offenlegen"},"content":{"rendered":"<figure id=\"attachment_1120\" aria-describedby=\"caption-attachment-1120\" style=\"width: 1024px\" class=\"wp-caption alignnone\"><img loading=\"lazy\" decoding=\"async\" class=\"size-full wp-image-1120\" src=\"https:\/\/fdp-aktiv.de\/blog\/wp-content\/uploads\/2021\/04\/Dr-Volker-Wissing.jpg\" alt=\"Dr. Volker Wissing\" width=\"1024\" height=\"683\" srcset=\"https:\/\/fdp-aktiv.de\/blog\/wp-content\/uploads\/2021\/04\/Dr-Volker-Wissing.jpg 1024w, https:\/\/fdp-aktiv.de\/blog\/wp-content\/uploads\/2021\/04\/Dr-Volker-Wissing-300x200.jpg 300w, https:\/\/fdp-aktiv.de\/blog\/wp-content\/uploads\/2021\/04\/Dr-Volker-Wissing-768x512.jpg 768w\" sizes=\"auto, (max-width: 1024px) 100vw, 1024px\" \/><figcaption id=\"caption-attachment-1120\" class=\"wp-caption-text\">Dr. Volker Wissing<\/figcaption><\/figure>\n<div class=\"clearfix text-formatted field field--name-body field--type-text-with-summary field--label-hidden field__item\">\n<p>Zur Landtagswahl in Sachsen-Anhalt, zum neuesten Masken-Streit und zum Ende der Impfpriorisierung gab der FDP-Generalsekret\u00e4r Dr. Volker Wissing heute folgendes Statement ab:<\/p>\n<p>Am Tag nach der Landtagswahl in Sachsen-Anhalt freuen wir uns \u00fcber unser Wahlergebnis. Die Freien Demokraten gehen gest\u00e4rkt aus dieser Landtagswahl hervor. Nach zehn Jahren sind wir wieder in den Landtag von Sachsen-Anhalt eingezogen. Mit dem Einzug einer weiteren demokratischen Partei ist in dem Land eine weitere Brandmauer gegen Rechts aufgezogen worden. Das ist eine gute Nachricht f\u00fcr das Bundesland, aber auch f\u00fcr Gesamtdeutschland. Wir gehen mit R\u00fcckenwind jetzt in die entscheidende Phase vor der Bundestagswahl und freuen uns, dass wir mit dem Votum der W\u00e4hlerinnen und W\u00e4hler in Sachsen-Anhalt als gesamtdeutsche Partei best\u00e4tigt worden sind.<\/p>\n<p>Hier in Berlin besch\u00e4ftigen wir uns nach wie vor mit Fragen rund um die Bek\u00e4mpfung der Corona-Pandemie. Etwa rund um die Qualit\u00e4t der Masken, die durch die Bundesregierung verteilt wurden. Hier muss umfassend aufgekl\u00e4rt werden, ob die Masken den n\u00f6tigen Infektionsschutz bieten. Sollte sich herausstellen, dass Masken verteilt werden sollten, die qualitativ ungeeignet sind, dann h\u00e4tte das selbstverst\u00e4ndlich massive Konsequenzen f\u00fcr den Bundesgesundheitsminister. Diese Fragen m\u00fcssen so schnell wie m\u00f6glich aufgekl\u00e4rt werden, bevor man sie abschlie\u00dfend bewerten kann. Wir fordern die Bundesregierung auf, den Regierungsinternen Streit dar\u00fcber beizulegen und die notwendigen Fakten dazu \u00f6ffentlich zu machen. Die Menschen interessieren sich aber nicht f\u00fcr Streitigkeiten innerhalb der Bundesregierung. Sie wollen L\u00f6sungen der Probleme, einen Ausweg aus dem Lockdown, den Einschr\u00e4nkungen im Bereich Bildung und Kultur.<\/p>\n<p>Heute k\u00f6nnte ein guter Tag f\u00fcr Deutschland sein, weil die Impf-Priorisierung endet. All diejenigen, die nicht in den bisherigen Priorit\u00e4tsgruppen einzustufen waren, k\u00f6nnen heute einen Termin vereinbaren. Das ist eine gute Nachricht. Allein sie wird eingetr\u00fcbt durch die Tatsache, dass immer noch nicht ausreichend Impfstoff f\u00fcr alle kurzfristig verf\u00fcgbar ist. Das ist bedauerlich, denn die Impfung bietet Schutz f\u00fcr die Gesunheit, sie bietet Schutz vor Ansteckung. Und sie ist nat\u00fcrlich auch eine ganz wichtige Voraussetzung, um zur Normalit\u00e4t zur\u00fcckzukehren, die wir dringend brauchen. Die Bundesregierung sollte sich jetzt mit aller Kraft darauf konzentrieren, Impfstoff zu beschaffen und dann eine Durchimpfung der Gesellschaft so schnell wie m\u00f6glich zu erreichen.<\/p>\n<p>Quelle:<\/p>\n<p><a href=\"http:\/\/fdp.de\">fdp.de\u00a0<\/a> \u00a0&#8211;\u00a0 \u00a007.06.2021\u00a0 \u00a0&#8211;\u00a0 \u00a014:45 Uhr<\/p>\n<\/div>\n","protected":false},"excerpt":{"rendered":"<p>Zur Landtagswahl in Sachsen-Anhalt, zum neuesten Masken-Streit und zum Ende der Impfpriorisierung gab der FDP-Generalsekret\u00e4r Dr. Volker Wissing heute folgendes Statement ab: Am Tag nach der Landtagswahl in Sachsen-Anhalt freuen [&#8230;]<\/p>\n","protected":false},"author":1,"featured_media":0,"comment_status":"open","ping_status":"closed","sticky":false,"template":"","format":"standard","meta":{"footnotes":""},"categories":[4,6,8],"tags":[846,629,860,792],"class_list":["post-1560","post","type-post","status-publish","format-standard","hentry","category-covid-19","category-politik","category-wirtschaft","tag-dr-volker-wissing","tag-impfpriorisierung","tag-masken-streit","tag-regierung"],"_links":{"self":[{"href":"https:\/\/fdp-aktiv.de\/blog\/wp-json\/wp\/v2\/posts\/1560","targetHints":{"allow":["GET"]}}],"collection":[{"href":"https:\/\/fdp-aktiv.de\/blog\/wp-json\/wp\/v2\/posts"}],"about":[{"href":"https:\/\/fdp-aktiv.de\/blog\/wp-json\/wp\/v2\/types\/post"}],"author":[{"embeddable":true,"href":"https:\/\/fdp-aktiv.de\/blog\/wp-json\/wp\/v2\/users\/1"}],"replies":[{"embeddable":true,"href":"https:\/\/fdp-aktiv.de\/blog\/wp-json\/wp\/v2\/comments?post=1560"}],"version-history":[{"count":1,"href":"https:\/\/fdp-aktiv.de\/blog\/wp-json\/wp\/v2\/posts\/1560\/revisions"}],"predecessor-version":[{"id":1561,"href":"https:\/\/fdp-aktiv.de\/blog\/wp-json\/wp\/v2\/posts\/1560\/revisions\/1561"}],"wp:attachment":[{"href":"https:\/\/fdp-aktiv.de\/blog\/wp-json\/wp\/v2\/media?parent=1560"}],"wp:term":[{"taxonomy":"category","embeddable":true,"href":"https:\/\/fdp-aktiv.de\/blog\/wp-json\/wp\/v2\/categories?post=1560"},{"taxonomy":"post_tag","embeddable":true,"href":"https:\/\/fdp-aktiv.de\/blog\/wp-json\/wp\/v2\/tags?post=1560"}],"curies":[{"name":"wp","href":"https:\/\/api.w.org\/{rel}","templated":true}]}}