{"id":15620,"date":"2024-07-06T08:17:02","date_gmt":"2024-07-06T06:17:02","guid":{"rendered":"https:\/\/fdp-aktiv.de\/blog\/?p=15620"},"modified":"2024-07-06T08:17:02","modified_gmt":"2024-07-06T06:17:02","slug":"bundestag-schroeder-gesamtes-bildungssystem-profitiert-von-evaluation-des-startchancen-programms","status":"publish","type":"post","link":"https:\/\/fdp-aktiv.de\/blog\/2024\/07\/06\/bundestag-schroeder-gesamtes-bildungssystem-profitiert-von-evaluation-des-startchancen-programms\/","title":{"rendered":"Bundestag &#8211; SCHR\u00d6DER: Gesamtes Bildungssystem profitiert von Evaluation des Startchancen-Programms"},"content":{"rendered":"<div class=\"clearfix text-formatted field field--name-field-body field--type-text-long field--label-hidden field__item\">\n<p>Das Startchancen-Programm wird unter der Leitung von Prof. Dr. Kai Maaz vom Leibniz-Institut wissenschaftlich begleitet und im Hinblick auf das Ziel evaluiert, die Anzahl der Sch\u00fclerinnen und Sch\u00fcler, die die Mindeststandards im Lesen und Rechnen nicht erreichen, \u00fcber die Programmlaufbahn zu halbieren.<\/p>\n<p>Ria SCHR\u00d6DER, bildungspolitische Sprecherin der FDP-Bundestagsfraktion, sieht darin das Erfolgsgeheimnis des bundesweiten F\u00f6rderprogramms:<\/p>\n<p>\u201eDer Erfolg vieler Programme wird lediglich daran gemessen, wie viel Geld ausgegeben wurde. Beim Startchancen-Programm machen wir es anders: Wir messen die Wirksamkeit von Ma\u00dfnahmen und haben uns ein ambitioniertes Ziel gesetzt. Das ist ein echter Paradigmenwechsel. Von dem Erkenntnisgewinn profitieren sowohl die Startchancen-Schulen, die ihre Arbeit kontinuierlich anpassen und verbessern k\u00f6nnen, als auch das Bildungssystem insgesamt.\u201d<\/p>\n<\/div>\n","protected":false},"excerpt":{"rendered":"<p>Das Startchancen-Programm wird unter der Leitung von Prof. Dr. Kai Maaz vom Leibniz-Institut wissenschaftlich begleitet und im Hinblick auf das Ziel evaluiert, die Anzahl der Sch\u00fclerinnen und Sch\u00fcler, die die [&#8230;]<\/p>\n","protected":false},"author":1,"featured_media":3641,"comment_status":"open","ping_status":"closed","sticky":false,"template":"","format":"standard","meta":{"footnotes":""},"categories":[34],"tags":[2688,1279,3338],"class_list":["post-15620","post","type-post","status-publish","format-standard","has-post-thumbnail","hentry","category-bildung","tag-fdp-bundestag","tag-ria-schroeder","tag-startchancenprogramm"],"_links":{"self":[{"href":"https:\/\/fdp-aktiv.de\/blog\/wp-json\/wp\/v2\/posts\/15620","targetHints":{"allow":["GET"]}}],"collection":[{"href":"https:\/\/fdp-aktiv.de\/blog\/wp-json\/wp\/v2\/posts"}],"about":[{"href":"https:\/\/fdp-aktiv.de\/blog\/wp-json\/wp\/v2\/types\/post"}],"author":[{"embeddable":true,"href":"https:\/\/fdp-aktiv.de\/blog\/wp-json\/wp\/v2\/users\/1"}],"replies":[{"embeddable":true,"href":"https:\/\/fdp-aktiv.de\/blog\/wp-json\/wp\/v2\/comments?post=15620"}],"version-history":[{"count":1,"href":"https:\/\/fdp-aktiv.de\/blog\/wp-json\/wp\/v2\/posts\/15620\/revisions"}],"predecessor-version":[{"id":15623,"href":"https:\/\/fdp-aktiv.de\/blog\/wp-json\/wp\/v2\/posts\/15620\/revisions\/15623"}],"wp:featuredmedia":[{"embeddable":true,"href":"https:\/\/fdp-aktiv.de\/blog\/wp-json\/wp\/v2\/media\/3641"}],"wp:attachment":[{"href":"https:\/\/fdp-aktiv.de\/blog\/wp-json\/wp\/v2\/media?parent=15620"}],"wp:term":[{"taxonomy":"category","embeddable":true,"href":"https:\/\/fdp-aktiv.de\/blog\/wp-json\/wp\/v2\/categories?post=15620"},{"taxonomy":"post_tag","embeddable":true,"href":"https:\/\/fdp-aktiv.de\/blog\/wp-json\/wp\/v2\/tags?post=15620"}],"curies":[{"name":"wp","href":"https:\/\/api.w.org\/{rel}","templated":true}]}}