{"id":15650,"date":"2024-07-12T18:54:44","date_gmt":"2024-07-12T16:54:44","guid":{"rendered":"https:\/\/fdp-aktiv.de\/blog\/?p=15650"},"modified":"2024-07-12T18:54:44","modified_gmt":"2024-07-12T16:54:44","slug":"berlin-langer-zur-geplanten-umzaeunung-des-goerlitzer-parks","status":"publish","type":"post","link":"https:\/\/fdp-aktiv.de\/blog\/2024\/07\/12\/berlin-langer-zur-geplanten-umzaeunung-des-goerlitzer-parks\/","title":{"rendered":"Berlin &#8211; LANGER zur geplanten Umz\u00e4unung des G\u00f6rlitzer Parks"},"content":{"rendered":"<p>BERLIN. Peter Langer, Generalsekret\u00e4r der FDP Berlin, zur heutigen Entscheidung des Verwaltungsgerichts \u00fcber die Klage des Bezirks Friedrichshain-Kreuzberg gegen den Berliner Senat, mit welcher der Bezirk die Umz\u00e4unung des G\u00f6rlitzer Parks verhindern wollte:<\/p>\n<p><em>\u201eStatt sich darauf zu konzentrieren, wie man organisierte Kriminalit\u00e4t bek\u00e4mpft und den Drogenm\u00fcll aus unseren Parks und Spielpl\u00e4tzen fernh\u00e4lt, streiten Bezirk und Senat um den Bau eines Zauns. Ob der Zaun das Problem l\u00f6st, sei dahingestellt. Diese Posse steht jedoch symbolisch f\u00fcr die gravierende Handlungsunf\u00e4higkeit der Berliner Politik und Verwaltung. Es wirkt, als w\u00e4ren die Junkies im G\u00f6rlitzer Park nicht die einzigen, die sich mit Bet\u00e4ubungsmitteln sedieren. Es braucht jetzt einen echten Politikwandel hin zu einer Null-Toleranz-Politik gegen\u00fcber Drogenkriminalit\u00e4t im \u00f6ffentlichen Raum. Die Werkzeuge daf\u00fcr sind vielf\u00e4ltig: Verst\u00e4rkung der Polizeipr\u00e4senz, die berlinweite Einf\u00fchrung des Neuk\u00f6llner Modells, der Abbau von Angstr\u00e4umen durch mehr Beleuchtung im \u00f6ffentlichen Raum, die stadtweite Einf\u00fchrung des Konzepts &#8220;Security by Design&#8221; und vieles mehr. Bisher gab es vom Regierenden und seiner Innensenatorin nur starke Worte, aber keine starken Taten \u2013 sie sind offensichtlich zu schwach, sich durchzusetzen.\u201c<\/em><\/p>\n<p>&nbsp;<\/p>\n","protected":false},"excerpt":{"rendered":"<p>BERLIN. Peter Langer, Generalsekret\u00e4r der FDP Berlin, zur heutigen Entscheidung des Verwaltungsgerichts \u00fcber die Klage des Bezirks Friedrichshain-Kreuzberg gegen den Berliner Senat, mit welcher der Bezirk die Umz\u00e4unung des G\u00f6rlitzer [&#8230;]<\/p>\n","protected":false},"author":1,"featured_media":15627,"comment_status":"open","ping_status":"closed","sticky":false,"template":"","format":"standard","meta":{"footnotes":""},"categories":[536],"tags":[706,4129,4123],"class_list":["post-15650","post","type-post","status-publish","format-standard","has-post-thumbnail","hentry","category-sicherheit","tag-fdp-berlin","tag-goerlitzer-park","tag-peter-langer"],"_links":{"self":[{"href":"https:\/\/fdp-aktiv.de\/blog\/wp-json\/wp\/v2\/posts\/15650","targetHints":{"allow":["GET"]}}],"collection":[{"href":"https:\/\/fdp-aktiv.de\/blog\/wp-json\/wp\/v2\/posts"}],"about":[{"href":"https:\/\/fdp-aktiv.de\/blog\/wp-json\/wp\/v2\/types\/post"}],"author":[{"embeddable":true,"href":"https:\/\/fdp-aktiv.de\/blog\/wp-json\/wp\/v2\/users\/1"}],"replies":[{"embeddable":true,"href":"https:\/\/fdp-aktiv.de\/blog\/wp-json\/wp\/v2\/comments?post=15650"}],"version-history":[{"count":1,"href":"https:\/\/fdp-aktiv.de\/blog\/wp-json\/wp\/v2\/posts\/15650\/revisions"}],"predecessor-version":[{"id":15651,"href":"https:\/\/fdp-aktiv.de\/blog\/wp-json\/wp\/v2\/posts\/15650\/revisions\/15651"}],"wp:featuredmedia":[{"embeddable":true,"href":"https:\/\/fdp-aktiv.de\/blog\/wp-json\/wp\/v2\/media\/15627"}],"wp:attachment":[{"href":"https:\/\/fdp-aktiv.de\/blog\/wp-json\/wp\/v2\/media?parent=15650"}],"wp:term":[{"taxonomy":"category","embeddable":true,"href":"https:\/\/fdp-aktiv.de\/blog\/wp-json\/wp\/v2\/categories?post=15650"},{"taxonomy":"post_tag","embeddable":true,"href":"https:\/\/fdp-aktiv.de\/blog\/wp-json\/wp\/v2\/tags?post=15650"}],"curies":[{"name":"wp","href":"https:\/\/api.w.org\/{rel}","templated":true}]}}