{"id":15679,"date":"2024-07-22T10:36:12","date_gmt":"2024-07-22T08:36:12","guid":{"rendered":"https:\/\/fdp-aktiv.de\/blog\/?p=15679"},"modified":"2024-07-22T10:36:44","modified_gmt":"2024-07-22T08:36:44","slug":"hessen-naas-schwarz-rot-zeigt-nach-sechs-monaten-erste-aufloesungserscheinungen","status":"publish","type":"post","link":"https:\/\/fdp-aktiv.de\/blog\/2024\/07\/22\/hessen-naas-schwarz-rot-zeigt-nach-sechs-monaten-erste-aufloesungserscheinungen\/","title":{"rendered":"Hessen &#8211; NAAS: Schwarz-Rot zeigt nach sechs Monaten erste Aufl\u00f6sungserscheinungen"},"content":{"rendered":"<div class=\"clearfix text-formatted field field--name-body field--type-text-with-summary field--label-hidden field__item\">\n<ul>\n<li><strong>Mansooris Staatssekret\u00e4rin steht offenbar vor Entlassung<\/strong><\/li>\n<li><strong>Freie Demokraten fordern Minister zur Aufkl\u00e4rung auf<\/strong><\/li>\n<li><strong>Transparenz ist im Interesse der Steuerzahler<\/strong><\/li>\n<\/ul>\n<p>Stefan Naas, Fraktionsvorsitzender und wirtschaftspolitischer Sprecher der Freien Demokraten im Hessischen Landtag, hat irritiert auf Medienberichte reagiert, nach denen die Staatssekret\u00e4rin im Hessischen Wirtschaftsministerium vor der Entlassung steht. \u201eDie Staatssekret\u00e4rin wurde bei ihrer Vorstellung mit vielen Vorschusslorbeeren bedacht. Sollte sich die aktuelle Berichterstattung bewahrheiten, k\u00e4me ein Abschied nach so wenigen Monaten \u00fcberraschend. Wirtschaftsminister Kaweh Mansoori muss jetzt transparent darlegen, welche Gr\u00fcnde f\u00fcr die mutma\u00dfliche Entlassung ausschlaggebend sind. \u00d6ffentliche Aufkl\u00e4rung tut not. Schlie\u00dflich zeigt die schwarze-rote Koalition bereits nach sechs Monaten erste Aufl\u00f6sungserscheinungen\u201c, erkl\u00e4rt Naas.<\/p>\n<p>Aufkl\u00e4rung sei auch vor dem Hintergrund wichtig, dass die Landesregierung an Staatssekret\u00e4rinnen und Staatssekret\u00e4ren nicht gespart habe. \u201eSchwarz-Rot ist erst mal dadurch aufgefallen, dass die Landesregierung weiter aufgebl\u00e4ht und die Zahl der Staatssekret\u00e4re deutlich erh\u00f6ht wurde. Diesen personelle Komfort-Ausstattung finanzieren die Steuerzahlerinnen und Steuerzahler. Sie haben ein Recht zu erfahren, ob das gut besoldete Regierungspersonal daf\u00fcr entsprechende Leistungen erbringt.\u201c<\/p>\n<\/div>\n","protected":false},"excerpt":{"rendered":"<p>Mansooris Staatssekret\u00e4rin steht offenbar vor Entlassung Freie Demokraten fordern Minister zur Aufkl\u00e4rung auf Transparenz ist im Interesse der Steuerzahler Stefan Naas, Fraktionsvorsitzender und wirtschaftspolitischer Sprecher der Freien Demokraten im Hessischen [&#8230;]<\/p>\n","protected":false},"author":1,"featured_media":11567,"comment_status":"open","ping_status":"closed","sticky":false,"template":"","format":"standard","meta":{"footnotes":""},"categories":[6],"tags":[1302,635],"class_list":["post-15679","post","type-post","status-publish","format-standard","has-post-thumbnail","hentry","category-politik","tag-dr-stefan-naas","tag-fdp-hessen"],"_links":{"self":[{"href":"https:\/\/fdp-aktiv.de\/blog\/wp-json\/wp\/v2\/posts\/15679","targetHints":{"allow":["GET"]}}],"collection":[{"href":"https:\/\/fdp-aktiv.de\/blog\/wp-json\/wp\/v2\/posts"}],"about":[{"href":"https:\/\/fdp-aktiv.de\/blog\/wp-json\/wp\/v2\/types\/post"}],"author":[{"embeddable":true,"href":"https:\/\/fdp-aktiv.de\/blog\/wp-json\/wp\/v2\/users\/1"}],"replies":[{"embeddable":true,"href":"https:\/\/fdp-aktiv.de\/blog\/wp-json\/wp\/v2\/comments?post=15679"}],"version-history":[{"count":1,"href":"https:\/\/fdp-aktiv.de\/blog\/wp-json\/wp\/v2\/posts\/15679\/revisions"}],"predecessor-version":[{"id":15680,"href":"https:\/\/fdp-aktiv.de\/blog\/wp-json\/wp\/v2\/posts\/15679\/revisions\/15680"}],"wp:featuredmedia":[{"embeddable":true,"href":"https:\/\/fdp-aktiv.de\/blog\/wp-json\/wp\/v2\/media\/11567"}],"wp:attachment":[{"href":"https:\/\/fdp-aktiv.de\/blog\/wp-json\/wp\/v2\/media?parent=15679"}],"wp:term":[{"taxonomy":"category","embeddable":true,"href":"https:\/\/fdp-aktiv.de\/blog\/wp-json\/wp\/v2\/categories?post=15679"},{"taxonomy":"post_tag","embeddable":true,"href":"https:\/\/fdp-aktiv.de\/blog\/wp-json\/wp\/v2\/tags?post=15679"}],"curies":[{"name":"wp","href":"https:\/\/api.w.org\/{rel}","templated":true}]}}