{"id":15697,"date":"2024-07-29T16:03:31","date_gmt":"2024-07-29T14:03:31","guid":{"rendered":"https:\/\/fdp-aktiv.de\/blog\/?p=15697"},"modified":"2024-07-29T16:03:31","modified_gmt":"2024-07-29T14:03:31","slug":"baden-wuerttemberg-bonath-steigende-abfallgebuehren-belasten-verbraucher","status":"publish","type":"post","link":"https:\/\/fdp-aktiv.de\/blog\/2024\/07\/29\/baden-wuerttemberg-bonath-steigende-abfallgebuehren-belasten-verbraucher\/","title":{"rendered":"Baden-W\u00fcrttemberg &#8211; Bonath: Steigende Abfallgeb\u00fchren belasten Verbraucher"},"content":{"rendered":"<p>Mehr Kontrollen und M\u00fcll-Sheriffs zeigen ein gesteigertes Misstrauen gegen\u00fcber den B\u00fcrgern<\/p>\n<p>Zur Meldung, dass immer noch zu viel Plastik in die Biotonne kommt, \u00e4u\u00dferte sich der umweltpolitische Sprecher der FDP\/DVP-Fraktion, <strong>Frank Bonath,<\/strong> wie folgt:<\/p>\n<p>\u201eMehr Kontrollen und M\u00fcll-Sheriffs zeigen ein gesteigertes Misstrauen gegen\u00fcber den B\u00fcrgern. Die Landesregierung schiebt h\u00e4ufig die Verantwortung ab, ohne den Kommunen wirksame Ma\u00dfnahmen zur Verf\u00fcgung zu stellen, um die erh\u00f6hte Bioabfallentsorgung und verbesserte M\u00fclltrennung zu finanzieren und umzusetzen. Die Ausweitung der Bioabfallentsorgung kostet die Kommunen viel Geld, daher sind klare landespolitische Vorgaben notwendig. Steigende Abfallgeb\u00fchren belasten die Verbraucher bereits erheblich und liegen inzwischen bei 190,27 Euro pro Jahr f\u00fcr einen Vier-Personen-Haushalt. Auch beim Thema Brandgefahr durch falsch entsorgte Akkus und Batterien m\u00fcssen wir mehr tun. Die Ordnungs\u00e4mter und die Gewerbeaufsicht sollten die R\u00fccknahmeverpflichtung von Super- und Drogeriem\u00e4rkten bei kleineren Elektroger\u00e4ten st\u00e4rker \u00fcberwachen.\u201c<\/p>\n<p>&nbsp;<\/p>\n","protected":false},"excerpt":{"rendered":"<p>Mehr Kontrollen und M\u00fcll-Sheriffs zeigen ein gesteigertes Misstrauen gegen\u00fcber den B\u00fcrgern Zur Meldung, dass immer noch zu viel Plastik in die Biotonne kommt, \u00e4u\u00dferte sich der umweltpolitische Sprecher der FDP\/DVP-Fraktion, [&#8230;]<\/p>\n","protected":false},"author":1,"featured_media":4031,"comment_status":"open","ping_status":"closed","sticky":false,"template":"","format":"standard","meta":{"footnotes":""},"categories":[207,55],"tags":[2566,4136,650,1518],"class_list":["post-15697","post","type-post","status-publish","format-standard","has-post-thumbnail","hentry","category-familie-wohnen","category-finanzen","tag-abfall","tag-abfallgebuehren","tag-fdp-dvp","tag-frank-bonath"],"_links":{"self":[{"href":"https:\/\/fdp-aktiv.de\/blog\/wp-json\/wp\/v2\/posts\/15697","targetHints":{"allow":["GET"]}}],"collection":[{"href":"https:\/\/fdp-aktiv.de\/blog\/wp-json\/wp\/v2\/posts"}],"about":[{"href":"https:\/\/fdp-aktiv.de\/blog\/wp-json\/wp\/v2\/types\/post"}],"author":[{"embeddable":true,"href":"https:\/\/fdp-aktiv.de\/blog\/wp-json\/wp\/v2\/users\/1"}],"replies":[{"embeddable":true,"href":"https:\/\/fdp-aktiv.de\/blog\/wp-json\/wp\/v2\/comments?post=15697"}],"version-history":[{"count":1,"href":"https:\/\/fdp-aktiv.de\/blog\/wp-json\/wp\/v2\/posts\/15697\/revisions"}],"predecessor-version":[{"id":15702,"href":"https:\/\/fdp-aktiv.de\/blog\/wp-json\/wp\/v2\/posts\/15697\/revisions\/15702"}],"wp:featuredmedia":[{"embeddable":true,"href":"https:\/\/fdp-aktiv.de\/blog\/wp-json\/wp\/v2\/media\/4031"}],"wp:attachment":[{"href":"https:\/\/fdp-aktiv.de\/blog\/wp-json\/wp\/v2\/media?parent=15697"}],"wp:term":[{"taxonomy":"category","embeddable":true,"href":"https:\/\/fdp-aktiv.de\/blog\/wp-json\/wp\/v2\/categories?post=15697"},{"taxonomy":"post_tag","embeddable":true,"href":"https:\/\/fdp-aktiv.de\/blog\/wp-json\/wp\/v2\/tags?post=15697"}],"curies":[{"name":"wp","href":"https:\/\/api.w.org\/{rel}","templated":true}]}}