{"id":15700,"date":"2024-07-29T16:01:14","date_gmt":"2024-07-29T14:01:14","guid":{"rendered":"https:\/\/fdp-aktiv.de\/blog\/?p=15700"},"modified":"2024-07-29T16:01:14","modified_gmt":"2024-07-29T14:01:14","slug":"thueringen-kritik-an-vorschlag-der-bundesbauministerin-gleichwertige-lebensverhaeltnisse-sind-voraussetzung-fuer-laendliches-wohnen","status":"publish","type":"post","link":"https:\/\/fdp-aktiv.de\/blog\/2024\/07\/29\/thueringen-kritik-an-vorschlag-der-bundesbauministerin-gleichwertige-lebensverhaeltnisse-sind-voraussetzung-fuer-laendliches-wohnen\/","title":{"rendered":"Th\u00fcringen: Kritik an Vorschlag der Bundesbauministerin &#8211; Gleichwertige Lebensverh\u00e4ltnisse sind Voraussetzung f\u00fcr l\u00e4ndliches Wohnen"},"content":{"rendered":"<div class=\"clearfix text-formatted field field--name-body field--type-text-with-summary field--label-hidden field__item\">\n<p><strong>Dirk Bergner: Ohne einen massiven Ausbau der Infrastruktur und des \u00d6PNV locken wir niemand aufs Land<\/strong><\/p>\n<p>Als zweiten Schritt vor dem ersten bezeichnet die FDP im Th\u00fcringer Landtag den Appell der Bundesbauministerin, dass Menschen angesichts der st\u00e4dtischen Wohnungsnot aufs Land ziehen sollen. \u201eAufgabe der Politik ist es nicht, Menschen von A nach B umzusiedeln. Aufgabe der Politik ist es, f\u00fcr gleichwertige Lebensverh\u00e4ltnisse in Stadt und Land zu sorgen, ganz so, wie es sogar das Grundgesetz auferlegt\u201c, sagt Dirk Bergner, Bauexperte der FDP im Th\u00fcringer Landtag. \u201eOhne einen massiven Ausbau der Infrastruktur und des \u00d6PNV locken wir niemand aufs Land. Solange der Glasfaserausbau nicht vorankommt und es weiterhin Funkl\u00f6cher gibt, zerplatzen Wunschtr\u00e4ume vom Homeoffice im Gr\u00fcnen weiterhin wie Seifenblasen. Und da reden wir noch lange nicht \u00fcber Arbeitsm\u00f6glichkeiten in hoffentlich gut ausgelasteten Gewerbegebieten, \u00fcber die Erreichbarkeit von Haus\u00e4rzten oder kulturelle Angebote. Diesen essenziellen Herausforderungen muss sich Politik stellen, erst recht in einem Fl\u00e4chenland wie Th\u00fcringen.\u201c<\/p>\n<p>Dirk Bergner ist selbst Bauingenieur und seit drei Jahrzehnten auch ehrenamtlicher Kommunalpolitiker. Er kritisiert seit langem, dass selbst Ma\u00dfnahmen, die nur den Bev\u00f6lkerungsschwund im l\u00e4ndlichen Raum bremsen w\u00fcrden, h\u00e4ufig genug unter Verweis auf das Zentrale-Orte-System blockiert werden. \u201eEs ist h\u00f6chste Zeit, die sklavische Anwendung des verstaubten Zentrale-Orte-Systems zu lockern! Ansonsten werden vor allem unsere kleinen Gemeinden immer mehr abgehangen.\u201c<\/p>\n<p>In dieser Legislatur hat die FDP im Th\u00fcringer Landtag immer wieder Initiativen zur St\u00e4rkung des l\u00e4ndlichen Raums gestartet. Gern informieren wir Sie dazu im Detail.<\/p>\n<\/div>\n","protected":false},"excerpt":{"rendered":"<p>Dirk Bergner: Ohne einen massiven Ausbau der Infrastruktur und des \u00d6PNV locken wir niemand aufs Land Als zweiten Schritt vor dem ersten bezeichnet die FDP im Th\u00fcringer Landtag den Appell [&#8230;]<\/p>\n","protected":false},"author":1,"featured_media":4231,"comment_status":"open","ping_status":"closed","sticky":false,"template":"","format":"standard","meta":{"footnotes":""},"categories":[207],"tags":[446,669,3463],"class_list":["post-15700","post","type-post","status-publish","format-standard","has-post-thumbnail","hentry","category-familie-wohnen","tag-dirk-bergner","tag-fdp-thueringen","tag-laendlicher-raum"],"_links":{"self":[{"href":"https:\/\/fdp-aktiv.de\/blog\/wp-json\/wp\/v2\/posts\/15700","targetHints":{"allow":["GET"]}}],"collection":[{"href":"https:\/\/fdp-aktiv.de\/blog\/wp-json\/wp\/v2\/posts"}],"about":[{"href":"https:\/\/fdp-aktiv.de\/blog\/wp-json\/wp\/v2\/types\/post"}],"author":[{"embeddable":true,"href":"https:\/\/fdp-aktiv.de\/blog\/wp-json\/wp\/v2\/users\/1"}],"replies":[{"embeddable":true,"href":"https:\/\/fdp-aktiv.de\/blog\/wp-json\/wp\/v2\/comments?post=15700"}],"version-history":[{"count":1,"href":"https:\/\/fdp-aktiv.de\/blog\/wp-json\/wp\/v2\/posts\/15700\/revisions"}],"predecessor-version":[{"id":15701,"href":"https:\/\/fdp-aktiv.de\/blog\/wp-json\/wp\/v2\/posts\/15700\/revisions\/15701"}],"wp:featuredmedia":[{"embeddable":true,"href":"https:\/\/fdp-aktiv.de\/blog\/wp-json\/wp\/v2\/media\/4231"}],"wp:attachment":[{"href":"https:\/\/fdp-aktiv.de\/blog\/wp-json\/wp\/v2\/media?parent=15700"}],"wp:term":[{"taxonomy":"category","embeddable":true,"href":"https:\/\/fdp-aktiv.de\/blog\/wp-json\/wp\/v2\/categories?post=15700"},{"taxonomy":"post_tag","embeddable":true,"href":"https:\/\/fdp-aktiv.de\/blog\/wp-json\/wp\/v2\/tags?post=15700"}],"curies":[{"name":"wp","href":"https:\/\/api.w.org\/{rel}","templated":true}]}}