{"id":15703,"date":"2024-07-29T16:05:46","date_gmt":"2024-07-29T14:05:46","guid":{"rendered":"https:\/\/fdp-aktiv.de\/blog\/?p=15703"},"modified":"2024-07-29T16:05:46","modified_gmt":"2024-07-29T14:05:46","slug":"hessen-naas-lahmlegen-des-flughafens-ist-kriminell-und-gefaehrdet-menschenleben","status":"publish","type":"post","link":"https:\/\/fdp-aktiv.de\/blog\/2024\/07\/29\/hessen-naas-lahmlegen-des-flughafens-ist-kriminell-und-gefaehrdet-menschenleben\/","title":{"rendered":"Hessen &#8211; NAAS: Lahmlegen des Flughafens ist kriminell und gef\u00e4hrdet Menschenleben"},"content":{"rendered":"<div class=\"clearfix text-formatted field field--name-body field--type-text-with-summary field--label-hidden field__item\">\n<ul>\n<li><strong>Freie Demokraten verurteilen Protestaktion<\/strong><\/li>\n<li><strong>Wirtschaftlicher Schaden ist immens<\/strong><\/li>\n<li><strong>Kein Nutzen f\u00fcr den Klimaschutz<\/strong><\/li>\n<\/ul>\n<p>Stefan Naas, Fraktionsvorsitzender der Freien Demokraten im Hessischen Landtag, hat die heutige Aktion der sogenannten Letzten Generation am Frankfurter Flughafen verurteilt: \u201eSelbsternannte Aktivisten dringen auf Start- und Landebahnen vor und legen den Flugbetrieb lahm. Das ist absolut inakzeptabel. Das ist kriminell und hat mit legitimem Protest nichts zu tun. Solche Aktionen gef\u00e4hrden Menschenleben, richten immensen wirtschaftlichen Schaden an und ver\u00e4rgern unz\u00e4hlige Passagierinnen und Passagiere\u201c, erkl\u00e4rt Naas, der auch wirtschafts- und verkehrspolitischer Sprecher der Fraktion ist.<\/p>\n<p>Naas erg\u00e4nzt: \u201eDie unsinnige Aktion trifft viele Menschen, die in den Urlaub fliegen wollen. Sie haben sich lange auf die Reise gefreut und daf\u00fcr gespart. Sie sind nun zu Recht ver\u00e4rgert und haben wohl kaum Verst\u00e4ndnis f\u00fcr das Vorgehen der Letzten Generation.\u201c Dem Klimaschutz sei damit nicht gedient. \u201eKrimineller Protest verhindert jeglichen sinnvollen Dialog \u00fcber Klimaschutz. Zu dieser naheliegenden Erkenntnis sind die Aktivisten offenbar noch nicht gekommen. Das einzige, was ihnen noch Bodenhaftung verschafft, ist der Klebstoff.\u201c<\/p>\n<\/div>\n","protected":false},"excerpt":{"rendered":"<p>Freie Demokraten verurteilen Protestaktion Wirtschaftlicher Schaden ist immens Kein Nutzen f\u00fcr den Klimaschutz Stefan Naas, Fraktionsvorsitzender der Freien Demokraten im Hessischen Landtag, hat die heutige Aktion der sogenannten Letzten Generation [&#8230;]<\/p>\n","protected":false},"author":1,"featured_media":11567,"comment_status":"open","ping_status":"closed","sticky":false,"template":"","format":"standard","meta":{"footnotes":""},"categories":[536,144],"tags":[1302,635,781,2895],"class_list":["post-15703","post","type-post","status-publish","format-standard","has-post-thumbnail","hentry","category-sicherheit","category-verkehr-innenpolitik","tag-dr-stefan-naas","tag-fdp-hessen","tag-flughafen","tag-klimakleber"],"_links":{"self":[{"href":"https:\/\/fdp-aktiv.de\/blog\/wp-json\/wp\/v2\/posts\/15703","targetHints":{"allow":["GET"]}}],"collection":[{"href":"https:\/\/fdp-aktiv.de\/blog\/wp-json\/wp\/v2\/posts"}],"about":[{"href":"https:\/\/fdp-aktiv.de\/blog\/wp-json\/wp\/v2\/types\/post"}],"author":[{"embeddable":true,"href":"https:\/\/fdp-aktiv.de\/blog\/wp-json\/wp\/v2\/users\/1"}],"replies":[{"embeddable":true,"href":"https:\/\/fdp-aktiv.de\/blog\/wp-json\/wp\/v2\/comments?post=15703"}],"version-history":[{"count":1,"href":"https:\/\/fdp-aktiv.de\/blog\/wp-json\/wp\/v2\/posts\/15703\/revisions"}],"predecessor-version":[{"id":15704,"href":"https:\/\/fdp-aktiv.de\/blog\/wp-json\/wp\/v2\/posts\/15703\/revisions\/15704"}],"wp:featuredmedia":[{"embeddable":true,"href":"https:\/\/fdp-aktiv.de\/blog\/wp-json\/wp\/v2\/media\/11567"}],"wp:attachment":[{"href":"https:\/\/fdp-aktiv.de\/blog\/wp-json\/wp\/v2\/media?parent=15703"}],"wp:term":[{"taxonomy":"category","embeddable":true,"href":"https:\/\/fdp-aktiv.de\/blog\/wp-json\/wp\/v2\/categories?post=15703"},{"taxonomy":"post_tag","embeddable":true,"href":"https:\/\/fdp-aktiv.de\/blog\/wp-json\/wp\/v2\/tags?post=15703"}],"curies":[{"name":"wp","href":"https:\/\/api.w.org\/{rel}","templated":true}]}}