{"id":15713,"date":"2024-08-02T08:30:27","date_gmt":"2024-08-02T06:30:27","guid":{"rendered":"https:\/\/fdp-aktiv.de\/blog\/?p=15713"},"modified":"2024-08-02T08:30:27","modified_gmt":"2024-08-02T06:30:27","slug":"berlin-langer-zur-spd-kritik-an-der-bezahlkarte-fuer-gefluechtete","status":"publish","type":"post","link":"https:\/\/fdp-aktiv.de\/blog\/2024\/08\/02\/berlin-langer-zur-spd-kritik-an-der-bezahlkarte-fuer-gefluechtete\/","title":{"rendered":"Berlin: LANGER &#8211; zur SPD-Kritik an der Bezahlkarte f\u00fcr Gefl\u00fcchtete"},"content":{"rendered":"<p>BERLIN. Peter Langer, Generalsekret\u00e4r der FDP Berlin, zur anhaltenden Kritik aus der Berliner SPD am Konzept der Bezahlkarte f\u00fcr Gefl\u00fcchtete sowie zu den weiteren Verz\u00f6gerungen und dem ungewissen Zeitplan f\u00fcr die Einf\u00fchrung in Berlin:<\/p>\n<p><em>\u201eDie Berliner SPD r\u00fcckt bei der Migrationspolitik vollkommen von der Lebensrealit\u00e4t in unserer Stadt ab. Nat\u00fcrlich kann man alles sch\u00f6n reden und jegliche Ma\u00dfnahmen verweigern, die auf Ordnung und Kontrolle bei der Migration setzen, nur l\u00f6st das die Probleme nicht. Die Bezahlkarte ist ein Baustein, um die ungeordnete Migration unter Kontrolle zu bringen. Dass die Berliner SPD diese Ma\u00dfnahme blockiert wo sie nur kann, zeigt, wie abger\u00fcckt diese Kaderpartei vom Leben normaler Menschen ist. <\/em><em>\u00a0<\/em><\/p>\n<p><em>Es zeigt aber auch, dass Kai Wegner zu schwach ist, diese Regierung auf den richtigen Pfad zu f\u00fchren. Wenn die Bezahlkarte der Beliebigkeit des Regierenden geopfert wird, ist das ein herber R\u00fcckschlag f\u00fcr das Bestreben weiter Teile unserer Gesellschaft, Ordnung und Kontrolle in die Migration zu bekommen.\u201c<\/em><\/p>\n<p>&nbsp;<\/p>\n","protected":false},"excerpt":{"rendered":"<p>BERLIN. Peter Langer, Generalsekret\u00e4r der FDP Berlin, zur anhaltenden Kritik aus der Berliner SPD am Konzept der Bezahlkarte f\u00fcr Gefl\u00fcchtete sowie zu den weiteren Verz\u00f6gerungen und dem ungewissen Zeitplan f\u00fcr [&#8230;]<\/p>\n","protected":false},"author":1,"featured_media":15627,"comment_status":"open","ping_status":"closed","sticky":false,"template":"","format":"standard","meta":{"footnotes":""},"categories":[5],"tags":[3788,706,4123],"class_list":["post-15713","post","type-post","status-publish","format-standard","has-post-thumbnail","hentry","category-aussenpolitik","tag-bezahlkarten","tag-fdp-berlin","tag-peter-langer"],"_links":{"self":[{"href":"https:\/\/fdp-aktiv.de\/blog\/wp-json\/wp\/v2\/posts\/15713","targetHints":{"allow":["GET"]}}],"collection":[{"href":"https:\/\/fdp-aktiv.de\/blog\/wp-json\/wp\/v2\/posts"}],"about":[{"href":"https:\/\/fdp-aktiv.de\/blog\/wp-json\/wp\/v2\/types\/post"}],"author":[{"embeddable":true,"href":"https:\/\/fdp-aktiv.de\/blog\/wp-json\/wp\/v2\/users\/1"}],"replies":[{"embeddable":true,"href":"https:\/\/fdp-aktiv.de\/blog\/wp-json\/wp\/v2\/comments?post=15713"}],"version-history":[{"count":1,"href":"https:\/\/fdp-aktiv.de\/blog\/wp-json\/wp\/v2\/posts\/15713\/revisions"}],"predecessor-version":[{"id":15714,"href":"https:\/\/fdp-aktiv.de\/blog\/wp-json\/wp\/v2\/posts\/15713\/revisions\/15714"}],"wp:featuredmedia":[{"embeddable":true,"href":"https:\/\/fdp-aktiv.de\/blog\/wp-json\/wp\/v2\/media\/15627"}],"wp:attachment":[{"href":"https:\/\/fdp-aktiv.de\/blog\/wp-json\/wp\/v2\/media?parent=15713"}],"wp:term":[{"taxonomy":"category","embeddable":true,"href":"https:\/\/fdp-aktiv.de\/blog\/wp-json\/wp\/v2\/categories?post=15713"},{"taxonomy":"post_tag","embeddable":true,"href":"https:\/\/fdp-aktiv.de\/blog\/wp-json\/wp\/v2\/tags?post=15713"}],"curies":[{"name":"wp","href":"https:\/\/api.w.org\/{rel}","templated":true}]}}