{"id":15738,"date":"2024-08-16T15:27:50","date_gmt":"2024-08-16T13:27:50","guid":{"rendered":"https:\/\/fdp-aktiv.de\/blog\/?p=15738"},"modified":"2024-08-16T15:27:50","modified_gmt":"2024-08-16T13:27:50","slug":"baden-wuerttemberg-ruelke-klimakleber-zur-rechenschaft-ziehen","status":"publish","type":"post","link":"https:\/\/fdp-aktiv.de\/blog\/2024\/08\/16\/baden-wuerttemberg-ruelke-klimakleber-zur-rechenschaft-ziehen\/","title":{"rendered":"Baden-W\u00fcrttemberg &#8211; R\u00fclke: Klimakleber zur Rechenschaft ziehen"},"content":{"rendered":"<p>Wer Geldstrafen nicht zahlen kann, muss notfalls eine Ersatzfreiheitsstrafe absitzen<\/p>\n<p>Zu aktuellen Medienberichten, wonach Klimakleber f\u00fcr die Sch\u00e4den, die sie bei Blockaden im Flugverkehr anrichten, zur Kasse gebeten werden sollen, \u00e4u\u00dfert sich der Fraktionsvorsitzende der FDP\/DVP-Fraktion, <strong>Dr. Hans-Ulrich R\u00fclke<\/strong>, wie folgt:<\/p>\n<p>\u201eDiese sogenannten Aktivisten gef\u00e4hrden die Sicherheit des Flugverkehrs und zerst\u00f6ren die Urlaubspl\u00e4ne unschuldiger B\u00fcrger. Hierf\u00fcr m\u00fcssen sie straf- und zivilrechtlich zur Rechenschaft gezogen werden. Wer Geldstrafen nicht zahlen kann, muss notfalls eine Ersatzfreiheitsstrafe absitzen.\u201c<\/p>\n<p>&nbsp;<\/p>\n","protected":false},"excerpt":{"rendered":"<p>Wer Geldstrafen nicht zahlen kann, muss notfalls eine Ersatzfreiheitsstrafe absitzen Zu aktuellen Medienberichten, wonach Klimakleber f\u00fcr die Sch\u00e4den, die sie bei Blockaden im Flugverkehr anrichten, zur Kasse gebeten werden sollen, [&#8230;]<\/p>\n","protected":false},"author":1,"featured_media":1526,"comment_status":"open","ping_status":"closed","sticky":false,"template":"","format":"standard","meta":{"footnotes":""},"categories":[536],"tags":[842,650,2895],"class_list":["post-15738","post","type-post","status-publish","format-standard","has-post-thumbnail","hentry","category-sicherheit","tag-dr-hans-ulrich-ruelke","tag-fdp-dvp","tag-klimakleber"],"_links":{"self":[{"href":"https:\/\/fdp-aktiv.de\/blog\/wp-json\/wp\/v2\/posts\/15738","targetHints":{"allow":["GET"]}}],"collection":[{"href":"https:\/\/fdp-aktiv.de\/blog\/wp-json\/wp\/v2\/posts"}],"about":[{"href":"https:\/\/fdp-aktiv.de\/blog\/wp-json\/wp\/v2\/types\/post"}],"author":[{"embeddable":true,"href":"https:\/\/fdp-aktiv.de\/blog\/wp-json\/wp\/v2\/users\/1"}],"replies":[{"embeddable":true,"href":"https:\/\/fdp-aktiv.de\/blog\/wp-json\/wp\/v2\/comments?post=15738"}],"version-history":[{"count":1,"href":"https:\/\/fdp-aktiv.de\/blog\/wp-json\/wp\/v2\/posts\/15738\/revisions"}],"predecessor-version":[{"id":15740,"href":"https:\/\/fdp-aktiv.de\/blog\/wp-json\/wp\/v2\/posts\/15738\/revisions\/15740"}],"wp:featuredmedia":[{"embeddable":true,"href":"https:\/\/fdp-aktiv.de\/blog\/wp-json\/wp\/v2\/media\/1526"}],"wp:attachment":[{"href":"https:\/\/fdp-aktiv.de\/blog\/wp-json\/wp\/v2\/media?parent=15738"}],"wp:term":[{"taxonomy":"category","embeddable":true,"href":"https:\/\/fdp-aktiv.de\/blog\/wp-json\/wp\/v2\/categories?post=15738"},{"taxonomy":"post_tag","embeddable":true,"href":"https:\/\/fdp-aktiv.de\/blog\/wp-json\/wp\/v2\/tags?post=15738"}],"curies":[{"name":"wp","href":"https:\/\/api.w.org\/{rel}","templated":true}]}}