{"id":15902,"date":"2025-03-15T17:45:47","date_gmt":"2025-03-15T16:45:47","guid":{"rendered":"https:\/\/fdp-aktiv.de\/blog\/?p=15902"},"modified":"2025-03-15T17:46:07","modified_gmt":"2025-03-15T16:46:07","slug":"torsten-herbst-geplante-schulden-orgie-von-union-und-spd-kommt-unserem-land-teuer-zu-stehen","status":"publish","type":"post","link":"https:\/\/fdp-aktiv.de\/blog\/2025\/03\/15\/torsten-herbst-geplante-schulden-orgie-von-union-und-spd-kommt-unserem-land-teuer-zu-stehen\/","title":{"rendered":"Torsten Herbst: Geplante Schulden-Orgie von Union und SPD kommt unserem Land teuer zu stehen"},"content":{"rendered":"<p>(Berlin, 13. M\u00e4rz 2025) In der heutigen Sitzung des Bundestags haben die Fraktionen von Union und SPD einen Gesetzentwurf zur \u00c4nderung des Grundgesetzes eingebracht, der h\u00f6here Verschuldungsm\u00f6glichkeiten und ein Sonderverm\u00f6gen von 500 Milliarden Euro vorsieht.<\/p>\n<p>Dazu erkl\u00e4rt Torsten Herbst, s\u00e4chsischer Bundestagsabgeordneter und Parlamentarischer Gesch\u00e4ftsf\u00fchrer der FDP-Bundestagsfraktion:<\/p>\n<p>\u201eDie heutige Bundestagsdebatte zeigt klar: Es geht Union und SPD nicht um zus\u00e4tzliche Investitionen und mehr Haushaltsmittel f\u00fcr Verteidigung, sondern um finanzielle Spielr\u00e4ume f\u00fcr alle m\u00f6glichen schwarz-roten Ausgabew\u00fcnsche. Die geplante Schulden-Orgie ist in der deutschen Geschichte beispiellos und wird unser Land teuer zu stehen kommen.<\/p>\n<p>Statt mutiger Reformen f\u00fcr mehr Wettbewerbsf\u00e4higkeit Deutschlands und einer neuen Priorit\u00e4tensetzung im Bundeshaushalt sollen alle Probleme mit dem Schuldenf\u00fcllhorn zugesch\u00fcttet werden. Friedrich Merz begeht nicht nur einen krassen Wortbruch gegen\u00fcber seinen Aussagen vor der Wahl. Er wird Schuldenk\u00f6nig, bevor er Kanzler wird. Das ersch\u00fcttert die Glaubw\u00fcrdigkeit der gesamten Politik.<\/p>\n<p>Der Preis f\u00fcr die geplante Schulden-Orgie ist hoch. Die Inflation wird steigen und die junge Generation wird unter immensen Zinslasten leiden. F\u00fcr alle Steuerzahler sind die Schulden von heute die Steuererh\u00f6hungen von morgen. H\u00f6here Zinsen am Kapitalmarkt machen den Immobilienerwerb teurer. Deutschland f\u00e4llt als bisheriger Stabilit\u00e4tsanker des Euro aus und bricht bewusst die EU-Fiskalregeln. Die n\u00e4chste Staatsschuldenkrise in der Euro-Zone wird damit wahrscheinlicher.<\/p>\n<p>Friedrich Merz, Markus S\u00f6der, Lars Klingbeil und Saskia Esken brechen mit der bisherigen finanziellen Solidit\u00e4t Deutschlands. Sie schaden unserem Land.\u201c<\/p>\n","protected":false},"excerpt":{"rendered":"<p>(Berlin, 13. M\u00e4rz 2025) In der heutigen Sitzung des Bundestags haben die Fraktionen von Union und SPD einen Gesetzentwurf zur \u00c4nderung des Grundgesetzes eingebracht, der h\u00f6here Verschuldungsm\u00f6glichkeiten und ein Sonderverm\u00f6gen [&#8230;]<\/p>\n","protected":false},"author":1,"featured_media":3670,"comment_status":"open","ping_status":"closed","sticky":false,"template":"","format":"standard","meta":{"footnotes":""},"categories":[55],"tags":[2688,1549,471],"class_list":["post-15902","post","type-post","status-publish","format-standard","has-post-thumbnail","hentry","category-finanzen","tag-fdp-bundestag","tag-schulden","tag-torsten-herbst"],"_links":{"self":[{"href":"https:\/\/fdp-aktiv.de\/blog\/wp-json\/wp\/v2\/posts\/15902","targetHints":{"allow":["GET"]}}],"collection":[{"href":"https:\/\/fdp-aktiv.de\/blog\/wp-json\/wp\/v2\/posts"}],"about":[{"href":"https:\/\/fdp-aktiv.de\/blog\/wp-json\/wp\/v2\/types\/post"}],"author":[{"embeddable":true,"href":"https:\/\/fdp-aktiv.de\/blog\/wp-json\/wp\/v2\/users\/1"}],"replies":[{"embeddable":true,"href":"https:\/\/fdp-aktiv.de\/blog\/wp-json\/wp\/v2\/comments?post=15902"}],"version-history":[{"count":1,"href":"https:\/\/fdp-aktiv.de\/blog\/wp-json\/wp\/v2\/posts\/15902\/revisions"}],"predecessor-version":[{"id":15903,"href":"https:\/\/fdp-aktiv.de\/blog\/wp-json\/wp\/v2\/posts\/15902\/revisions\/15903"}],"wp:featuredmedia":[{"embeddable":true,"href":"https:\/\/fdp-aktiv.de\/blog\/wp-json\/wp\/v2\/media\/3670"}],"wp:attachment":[{"href":"https:\/\/fdp-aktiv.de\/blog\/wp-json\/wp\/v2\/media?parent=15902"}],"wp:term":[{"taxonomy":"category","embeddable":true,"href":"https:\/\/fdp-aktiv.de\/blog\/wp-json\/wp\/v2\/categories?post=15902"},{"taxonomy":"post_tag","embeddable":true,"href":"https:\/\/fdp-aktiv.de\/blog\/wp-json\/wp\/v2\/tags?post=15902"}],"curies":[{"name":"wp","href":"https:\/\/api.w.org\/{rel}","templated":true}]}}