{"id":1592,"date":"2021-06-10T09:22:33","date_gmt":"2021-06-10T07:22:33","guid":{"rendered":"https:\/\/fdp-aktiv.de\/blog\/?p=1592"},"modified":"2022-05-21T09:28:11","modified_gmt":"2022-05-21T07:28:11","slug":"karrais-breitbandfoerderung-darf-nicht-durch-die-hintertuer-zurueckgefahren-werden","status":"publish","type":"post","link":"https:\/\/fdp-aktiv.de\/blog\/2021\/06\/10\/karrais-breitbandfoerderung-darf-nicht-durch-die-hintertuer-zurueckgefahren-werden\/","title":{"rendered":"Karrais: Breitbandf\u00f6rderung darf nicht durch die Hintert\u00fcr zur\u00fcckgefahren werden"},"content":{"rendered":"<h4>Ambitionen der Kommunen zum Glasfaserausbau d\u00fcrfen nicht ausgebremst werden!<\/h4>\n<p>Medienberichten zufolge (siehe Schwarzw\u00e4lder Boten Calw vom 08.06.2021) zieht die Landesregierung die sogenannte \u201eWei\u00dfe Flecken\u201c-F\u00f6rderung derzeit teilweise zur\u00fcck, um Geld einzusparen. <strong>Daniel Karrais<\/strong>, digitalisierungspolitischer Sprecher der FDP\/DVP Fraktion, erkl\u00e4rt dazu:<\/p>\n<figure id=\"attachment_1593\" aria-describedby=\"caption-attachment-1593\" style=\"width: 800px\" class=\"wp-caption aligncenter\"><a href=\"https:\/\/fdp-aktiv.de\/blog\/wp-content\/uploads\/2021\/06\/Daniel-Karrais.jpg\"><img loading=\"lazy\" decoding=\"async\" class=\"size-large wp-image-1593\" src=\"https:\/\/fdp-aktiv.de\/blog\/wp-content\/uploads\/2021\/06\/Daniel-Karrais-1024x683.jpg\" alt=\"Daniel Karrais\" width=\"800\" height=\"534\" srcset=\"https:\/\/fdp-aktiv.de\/blog\/wp-content\/uploads\/2021\/06\/Daniel-Karrais-1024x683.jpg 1024w, https:\/\/fdp-aktiv.de\/blog\/wp-content\/uploads\/2021\/06\/Daniel-Karrais-300x200.jpg 300w, https:\/\/fdp-aktiv.de\/blog\/wp-content\/uploads\/2021\/06\/Daniel-Karrais-768x512.jpg 768w, https:\/\/fdp-aktiv.de\/blog\/wp-content\/uploads\/2021\/06\/Daniel-Karrais.jpg 1030w\" sizes=\"auto, (max-width: 800px) 100vw, 800px\" \/><\/a><figcaption id=\"caption-attachment-1593\" class=\"wp-caption-text\">Daniel Karrais<\/figcaption><\/figure>\n<p>\u201eDie gr\u00fcn-schwarze Koalition hat sich die Digitalisierung gro\u00df auf die Fahnen geschrieben. Anstatt aber die dringend erforderlichen Schritte hin zu einer Gigabitabdeckung einzuleiten, wird jetzt offenbar wieder still und heimlich ein Schritt zur\u00fcckgemacht. Erst ging schon im Fr\u00fchjahr das Geld f\u00fcr die Kofinanzierung des Landes aus. Die Folge ist, dass Kommunen, die mit einer 90 prozentigen F\u00f6rderung gerechnet haben, nur die H\u00e4lfte ihrer Aufw\u00e4nde vom Bund gef\u00f6rdert bekommen und sich die Projekte nicht mehr leisten k\u00f6nnen.<\/p>\n<p>Es dr\u00e4ngt sich der Eindruck auf, die Landesregierung w\u00fcrde jede Chance nutzen, um F\u00f6rderantr\u00e4ge von interessierten Kommunen zu verhindern. Damit wird ein gef\u00e4hrlicher R\u00fcckschritt der Digitalisierung eingeleitet. Es ist ungeheuerlich, dass die Erweiterung der Bundesf\u00f6rderung auf die \u201egrauen Flecken\u201c mit einer Abdeckung von bis zu 100 Mbit\/s, dazu genutzt wird, die Kofinanzierung durch das Land pl\u00f6tzlich auszusetzen. Den Kommunen wird so jegliche Verl\u00e4sslichkeit in Planung und Umsetzung entzogen. So sind etwa die Bundesf\u00f6rdermittel \u00fcber 50.000\u20ac f\u00fcr vorbereitende Planungen und Markterkundungsverfahren der Stadt Calw damit ins Leere gelaufen. Verantwortungsvoller Umgang mit Steuergeldern sieht anders aus. An der digitalen Infrastruktur darf auf keinen Fall gespart werden, sind doch noch hunderte Antr\u00e4ge auf Kofinanzierung offen, die den Bedarf der Kommunen offenbar werden lassen.<\/p>\n<p>Die Landesregierung muss sich zu ihren Pl\u00e4nen in der Breitbandf\u00f6rderung klar bekennen. Wir brauchen eine echte Digitaloffensive und einen Paradigmenwechsel bei der F\u00f6rderung hin zu einem nachfrageorientierten F\u00f6rderansatz.\u201c<\/p>\n","protected":false},"excerpt":{"rendered":"<p>Ambitionen der Kommunen zum Glasfaserausbau d\u00fcrfen nicht ausgebremst werden! Medienberichten zufolge (siehe Schwarzw\u00e4lder Boten Calw vom 08.06.2021) zieht die Landesregierung die sogenannte \u201eWei\u00dfe Flecken\u201c-F\u00f6rderung derzeit teilweise zur\u00fcck, um Geld einzusparen. [&#8230;]<\/p>\n","protected":false},"author":1,"featured_media":0,"comment_status":"open","ping_status":"closed","sticky":false,"template":"","format":"standard","meta":{"footnotes":""},"categories":[68,6,8],"tags":[877,651,155,650,164,878],"class_list":["post-1592","post","type-post","status-publish","format-standard","hentry","category-digital","category-politik","category-wirtschaft","tag-breitbandausbau","tag-daniel-karrais","tag-digitalisierung","tag-fdp-dvp","tag-forderung","tag-kommunen"],"_links":{"self":[{"href":"https:\/\/fdp-aktiv.de\/blog\/wp-json\/wp\/v2\/posts\/1592","targetHints":{"allow":["GET"]}}],"collection":[{"href":"https:\/\/fdp-aktiv.de\/blog\/wp-json\/wp\/v2\/posts"}],"about":[{"href":"https:\/\/fdp-aktiv.de\/blog\/wp-json\/wp\/v2\/types\/post"}],"author":[{"embeddable":true,"href":"https:\/\/fdp-aktiv.de\/blog\/wp-json\/wp\/v2\/users\/1"}],"replies":[{"embeddable":true,"href":"https:\/\/fdp-aktiv.de\/blog\/wp-json\/wp\/v2\/comments?post=1592"}],"version-history":[{"count":2,"href":"https:\/\/fdp-aktiv.de\/blog\/wp-json\/wp\/v2\/posts\/1592\/revisions"}],"predecessor-version":[{"id":5580,"href":"https:\/\/fdp-aktiv.de\/blog\/wp-json\/wp\/v2\/posts\/1592\/revisions\/5580"}],"wp:attachment":[{"href":"https:\/\/fdp-aktiv.de\/blog\/wp-json\/wp\/v2\/media?parent=1592"}],"wp:term":[{"taxonomy":"category","embeddable":true,"href":"https:\/\/fdp-aktiv.de\/blog\/wp-json\/wp\/v2\/categories?post=1592"},{"taxonomy":"post_tag","embeddable":true,"href":"https:\/\/fdp-aktiv.de\/blog\/wp-json\/wp\/v2\/tags?post=1592"}],"curies":[{"name":"wp","href":"https:\/\/api.w.org\/{rel}","templated":true}]}}