{"id":1595,"date":"2021-06-10T12:49:05","date_gmt":"2021-06-10T10:49:05","guid":{"rendered":"https:\/\/fdp-aktiv.de\/blog\/?p=1595"},"modified":"2021-06-10T12:49:52","modified_gmt":"2021-06-10T10:49:52","slug":"duerr-interview-wir-sind-das-schalke-04-unter-den-industrielaendern","status":"publish","type":"post","link":"https:\/\/fdp-aktiv.de\/blog\/2021\/06\/10\/duerr-interview-wir-sind-das-schalke-04-unter-den-industrielaendern\/","title":{"rendered":"D\u00dcRR-Interview: Wir sind das Schalke 04 unter den Industriel\u00e4ndern"},"content":{"rendered":"<div class=\"clearfix text-formatted field field--name-body field--type-text-with-summary field--label-hidden field__item\">\n<p>Der stellvertretende FDP-Fraktionsvorsitzende Christian D\u00fcrr gab \u201eaugsburger-allgemeine.de\u201c das folgende Interview. Die Fragen stellte Christian Grimm:<\/p>\n<figure id=\"attachment_1498\" aria-describedby=\"caption-attachment-1498\" style=\"width: 652px\" class=\"wp-caption alignnone\"><a href=\"www.fdpbt.de\"><img loading=\"lazy\" decoding=\"async\" class=\"wp-image-1498 size-full\" src=\"https:\/\/fdp-aktiv.de\/blog\/wp-content\/uploads\/2021\/06\/duerr-christian-fdp.jpg\" alt=\"Chrsitian D\u00fcrr\" width=\"652\" height=\"368\" srcset=\"https:\/\/fdp-aktiv.de\/blog\/wp-content\/uploads\/2021\/06\/duerr-christian-fdp.jpg 652w, https:\/\/fdp-aktiv.de\/blog\/wp-content\/uploads\/2021\/06\/duerr-christian-fdp-300x169.jpg 300w\" sizes=\"auto, (max-width: 652px) 100vw, 652px\" \/><\/a><figcaption id=\"caption-attachment-1498\" class=\"wp-caption-text\">Chrsitian D\u00fcrr, FDP<\/figcaption><\/figure>\n<p>Frage: Herr D\u00fcrr, Sie wollen die Verm\u00f6gensteuer aus dem Gesetz streichen. Warum denn das? Die Steuer steht zwar noch im Gesetz, wird aber doch seit \u00fcber 20 Jahren nicht mehr erhoben.<\/p>\n<p>D\u00fcrr: Es w\u00e4re das klare Bekenntnis, dass man sie in Zukunft nicht will. Das gro\u00dfe Missverst\u00e4ndnis auf linker Seite ist, dass man damit Leute trifft, die viel Geld auf Bankkonten herumliegen haben. Die Wahrheit ist, man trifft das Betriebsverm\u00f6gen und insbesondere Familienbetriebe. Das sind diejenigen, die dann bluten werden. Es kann ja nach einer Krise nicht im Sinne des Erfinders sein, diejenigen zu bestrafen, die einerseits darunter gelitten haben und andererseits jetzt wieder f\u00fcr Wachstum sorgen sollen.<\/p>\n<p>Frage: SPD, Gr\u00fcne und Linke sehen das anders. Sie sagen den W\u00e4hlern, dass die Verm\u00f6gensteuer wieder von den Finanz\u00e4mtern kassiert werden soll. Das Argument: Die Wohlhabenden m\u00fcssten nach der Corona-Krise einen gr\u00f6\u00dferen Teil zum Gemeinwesen beitragen. Was ist falsch daran?<\/p>\n<p>D\u00fcrr: Die Frage muss doch lauten, wie geht es den \u00f6ffentlichen Finanzen am besten? Denen geht es dann am besten, wenn wir Wirtschaftswachstum haben. Wir sollten alles daf\u00fcr tun, dass das Wachstum nach der Krise wieder anspringt. Das f\u00fchrt dann zu sprudelnden Steuereinnahmen. Ich zitiere hier gern Olaf Scholz, der sagt, wir m\u00fcssen aus der Krise herauswachsen. Voraussetzung f\u00fcr dieses Wachstum sind Investitionen.<\/p>\n<p>Frage: Dann w\u00e4re es doch gut, wenn der Staat mehr Einnahmen h\u00e4tte, um zu investieren \u2026<\/p>\n<p>D\u00fcrr: Man muss wissen, dass 85 Prozent der Investitionen in Deutschland von privaten Unternehmen kommen. Echtes Wachstum kann also nur entstehen, wenn die Firmen entlastet werden und mehr Geld zum Investieren haben. Im internationalen Vergleich liegen wir unter den Industriel\u00e4ndern aber an letzter Stelle. Wir haben die h\u00f6chsten Belastungen an Steuern und Sozialabgaben. Wir sind das Schalke 04 unter den Industriel\u00e4ndern. Das kann uns nicht zufrieden stellen.<\/p>\n<p>Frage: Ihre FDP zieht mit dem Versprechen in den Wahlkampf, Unternehmen und Gutverdiener um 60 Milliarden Euro zu entlasten. Wie soll das gegenfinanziert werden?<\/p>\n<p>D\u00fcrr: \u00dcber den Zweitrundeneffekt, wenn das Wachstum durch h\u00f6here Investitionen wieder anspringt. Und nat\u00fcrlich gibt es im Haushalt viele Posten, bei denen wir sparen k\u00f6nnen. Wir als FDP fordern zum Beispiel die Abschaffung der Rente mit 63. Dadurch w\u00fcrde der Zuschuss aus dem Haushalt an die Rentenkasse sinken.<\/p>\n<p>Frage: Trotzdem ginge die Staatskasse wohl erst einmal ins Minus. Wird die FDP zur Schuldenpartei?<\/p>\n<p>D\u00fcrr: Nein. Man k\u00f6nnte die Entlastungen ja schrittweise einf\u00fchren. Wir Liberale wollen keine ausufernde Neuverschuldung fahren. Die Schwarze Null werden wir sicher in den n\u00e4chsten Jahren nicht erreichen, aber die Schuldenbremse sollte schon bald wieder eingehalten werden.<\/p>\n<p>Frage: Das Beispiel Amerika zeigt, dass dort Trumps Steuersenkungen den Reichen genutzt, aber die Investitionen nicht deutlich befruchtet haben. Die alte Lehre vom \u201etrickle down\u201c (durchsickern) zum Wohl aller funktioniert doch nicht. Warum wollen Sie es trotzdem machen?<\/p>\n<p>D\u00fcrr: Ich habe mich dazu l\u00e4nger mit \u00d6konomen unterhalten. Trumps Entlastungen haben deshalb nicht zu einem deutlichen Anziehen der Investitionen gef\u00fchrt, weil seine Politik insgesamt so erratisch war. Die Firmen hatten Sorge vor den Auswirkungen des Handelskrieges, den er angezettelt hat. Aus diesem Grund haben sie sich zur\u00fcckgehalten.<\/p>\n<p>Frage: Haben Sie Verb\u00fcndete f\u00fcr Ihr Projekt bei anderen Parteien? Ihnen fehlt im Bundestag die Mehrheit f\u00fcr die Streichung der Verm\u00f6gensteuer.<\/p>\n<p>D\u00fcrr: CDU und CSU stellen sich \u00f6ffentlich dagegen, dass die Verm\u00f6gensteuer wieder kassiert wird. Ich erwarte daher, dass sie mit uns mitziehen. Und wenn die Gr\u00fcnen es ernst meinen mit h\u00f6heren Investitionen, dann m\u00fcssten sie den Unternehmen die Sicherheit geben, dass ihnen keine h\u00f6heren Steuern drohen. Diese Investitionen n\u00fctzen ja dem Anliegen der Gr\u00fcnen, dass mehr Geld in den Klimaschutz flie\u00dft.<\/p>\n<\/div>\n","protected":false},"excerpt":{"rendered":"<p>Der stellvertretende FDP-Fraktionsvorsitzende Christian D\u00fcrr gab \u201eaugsburger-allgemeine.de\u201c das folgende Interview. Die Fragen stellte Christian Grimm: Frage: Herr D\u00fcrr, Sie wollen die Verm\u00f6gensteuer aus dem Gesetz streichen. Warum denn das? Die [&#8230;]<\/p>\n","protected":false},"author":1,"featured_media":0,"comment_status":"open","ping_status":"closed","sticky":false,"template":"","format":"standard","meta":{"footnotes":""},"categories":[8],"tags":[879,90,13,14],"class_list":["post-1595","post","type-post","status-publish","format-standard","hentry","category-wirtschaft","tag-augsburger-allgmeine","tag-christian-duerr","tag-fdp","tag-wirtschaft"],"_links":{"self":[{"href":"https:\/\/fdp-aktiv.de\/blog\/wp-json\/wp\/v2\/posts\/1595","targetHints":{"allow":["GET"]}}],"collection":[{"href":"https:\/\/fdp-aktiv.de\/blog\/wp-json\/wp\/v2\/posts"}],"about":[{"href":"https:\/\/fdp-aktiv.de\/blog\/wp-json\/wp\/v2\/types\/post"}],"author":[{"embeddable":true,"href":"https:\/\/fdp-aktiv.de\/blog\/wp-json\/wp\/v2\/users\/1"}],"replies":[{"embeddable":true,"href":"https:\/\/fdp-aktiv.de\/blog\/wp-json\/wp\/v2\/comments?post=1595"}],"version-history":[{"count":2,"href":"https:\/\/fdp-aktiv.de\/blog\/wp-json\/wp\/v2\/posts\/1595\/revisions"}],"predecessor-version":[{"id":1597,"href":"https:\/\/fdp-aktiv.de\/blog\/wp-json\/wp\/v2\/posts\/1595\/revisions\/1597"}],"wp:attachment":[{"href":"https:\/\/fdp-aktiv.de\/blog\/wp-json\/wp\/v2\/media?parent=1595"}],"wp:term":[{"taxonomy":"category","embeddable":true,"href":"https:\/\/fdp-aktiv.de\/blog\/wp-json\/wp\/v2\/categories?post=1595"},{"taxonomy":"post_tag","embeddable":true,"href":"https:\/\/fdp-aktiv.de\/blog\/wp-json\/wp\/v2\/tags?post=1595"}],"curies":[{"name":"wp","href":"https:\/\/api.w.org\/{rel}","templated":true}]}}