{"id":15961,"date":"2025-10-14T21:24:50","date_gmt":"2025-10-14T19:24:50","guid":{"rendered":"https:\/\/fdp-aktiv.de\/blog\/?p=15961"},"modified":"2025-10-14T21:24:50","modified_gmt":"2025-10-14T19:24:50","slug":"fdp-saar-krankenhausspargesetz-durch-die-hintertuer-saar-kliniken-geraten-weiter-unter-druck","status":"publish","type":"post","link":"https:\/\/fdp-aktiv.de\/blog\/2025\/10\/14\/fdp-saar-krankenhausspargesetz-durch-die-hintertuer-saar-kliniken-geraten-weiter-unter-druck\/","title":{"rendered":"FDP Saar: Krankenhausspargesetz durch die Hintert\u00fcr \u2013 Saar-Kliniken geraten weiter unter Druck."},"content":{"rendered":"<p>Mit dem \u201eKrankenhausreformanpassungsgesetz\u201d (KHAG) macht die Bundesregierung die Rolle r\u00fcckw\u00e4rts: Der bislang zugesagte Inflationsausgleich wird faktisch ausgehebelt. Statt eines vollen Ausgleichs wird der Orientierungswert neu definiert und nur noch als Ver\u00e4nderungswert verhandelt \u2013 unter Anrechnung \u201ebereits anderweitig finanzierter Kosten\u201d. Das bedeutet weniger Geld f\u00fcr reale Preissteigerungen.<\/p>\n<p>Dr. Helmut Isringhaus, gesundheitspolitischer Sprecher der FDP Saar:<br \/>\n\u201eDas Winterbergkrankenhaus wird wohl weiter ins Defizit getrieben. Am Rastpfuhl muss der Neubau \u00fcber Kredite finanziert werden, weil das Land nicht voll f\u00f6rdert. Andere H\u00e4user drohen zu kippen, wenn sie nicht \u2013 wie bei der Bundesknappschaft \u2013 einen finanzstarken Tr\u00e4ger haben. Gleichzeitig verschiebt der Bund die Vorhalteverg\u00fctung auf 2028 und versch\u00e4rft Qualit\u00e4ts- und Zuweisungsvorgaben. Wer bestellt, muss zahlen \u2013 genau das passiert nicht.\u201d<\/p>\n<p><strong>Warum das KHAG die Lage versch\u00e4rft<\/strong><\/p>\n<ul>\n<li><strong>Vorhalteverg\u00fctung verschoben:<\/strong>\u00a0Zentrale Bausteine (Vorhaltebudget\/-bewertungsrelationen) rutschen nach hinten; viele \u00dcberg\u00e4nge greifen erst 2028.<\/li>\n<li><strong>Inflationsausgleich aufgeweicht:<\/strong>\u00a0Der Orientierungswert wird zum Ver\u00e4nderungswert mit Abz\u00fcgen \u2013 ein automatischer voller Ausgleich ist pass\u00e9.<\/li>\n<li><strong>Harte Auflagen ab 2028:<\/strong>\u00a0Leistungen ohne zugewiesene Leistungsgruppen und Mindestvoraussetzungen sind nicht mehr abrechenbar \u2013 Druck auf schw\u00e4chere Standorte steigt.<\/li>\n<li><strong>Transformationsfonds mit Haken:<\/strong>\u00a029 Mrd. \u20ac (2026\u20132035) gibt es nur mit massiver Landes-Kofinanzierung (mind. 30 % bis 2029, danach 50 %) und mit Verpflichtung, die Landes-Investitionsmittel hochzufahren. Ohne kr\u00e4ftige Landesmittel: kein Geld aus dem Fonds.<\/li>\n<li><strong>Land hinkt schon heute hinterher:<\/strong>\u00a0<strong>Gesundheitsminister Jung kommt den gesetzlichen Investitionspflichten des Landes gegen\u00fcber den Kliniken seit Jahren nicht ausreichend nach.<\/strong>\u00a0Wenn bereits die Basis-Investitionen nicht gesichert werden,\u00a0<strong>wie soll dann der Landesanteil am Transformationsfonds zuverl\u00e4ssig gestemmt werden?<\/strong>\u00a0Das Vertrauen der H\u00e4user in die Finanzierungszusagen des Landes schwindet.<\/li>\n<\/ul>\n<p><strong>Vier Forderungen \u2013 sofort umsetzen<\/strong><\/p>\n<ol>\n<li><strong>Kein R\u00fcckbau des Inflationsausgleichs:<\/strong>\u00a0Orientierungswert 1:1 wirksam machen \u2013 ohne Anrechnungstricks.<\/li>\n<li><strong>Land muss voll investieren \u2013 und zwar jetzt:<\/strong>\u00a0Der Transformationsfonds ist kein Darlehensersatz.\u00a0<strong>Minister Jung<\/strong>\u00a0muss die regul\u00e4ren Landesinvestitionen verl\u00e4sslich aufstocken und die\u00a0<strong>Kofinanzierung<\/strong>\u00a0sichern, damit Rastpfuhl &amp; Co. nicht auf Schulden sitzenbleiben.<\/li>\n<li><strong>Planung nach Qualit\u00e4t und Bedarf statt kaltem Strukturwandel:<\/strong> Zuweisung von Leistungsgruppen mit regiisisrggalistischen \u00dcberg\u00e4ngen und weniger B\u00fcrokratie \u2013 sonst drohen Leistungsabbau und Schlie\u00dfungen.<\/li>\n<li><strong>Die neuen gesetzlich verankerten Flexibilisierungsregelungen konsequent nutzen:<\/strong>\u00a0Dazu z\u00e4hlen insbesondere l\u00e4ngere \u00dcbergangsfristen \u2013 die vollst\u00e4ndige Umsetzung der Reform wurde auf 2030 verschoben \u2013 sowie erweiterte Spielr\u00e4ume f\u00fcr Ausnahmen und Kooperationen. Auch die Qualit\u00e4tskriterien f\u00fcr Fachkliniken werden flexibler gestaltet, sodass die L\u00e4nder k\u00fcnftig mehr Freiheit bei deren Definition erhalten.<\/li>\n<\/ol>\n<p><strong>Fazit:<\/strong>\u00a0Das KHAG treibt die saarl\u00e4ndischen Kliniken weiter in den kalten Strukturwandel, wenn Bund und Land ihre Zusagen nicht halten. \u00dcberlebensnotwendig sind ein verl\u00e4sslicher Inflationsausgleich,\u00a0<strong>volle und p\u00fcnktliche Landesinvestitionen<\/strong> einschlie\u00dflich der Kofinanzierung des Transformationsfonds, praxistaugliche Qualit\u00e4tsvorgaben sowie eine flexible Umsetzung der Krankenhausreform im Sinne der Krankenh\u00e4user und B\u00fcrger.isrimisring<\/p>\n","protected":false},"excerpt":{"rendered":"<p>Mit dem \u201eKrankenhausreformanpassungsgesetz\u201d (KHAG) macht die Bundesregierung die Rolle r\u00fcckw\u00e4rts: Der bislang zugesagte Inflationsausgleich wird faktisch ausgehebelt. Statt eines vollen Ausgleichs wird der Orientierungswert neu definiert und nur noch als [&#8230;]<\/p>\n","protected":false},"author":1,"featured_media":12816,"comment_status":"open","ping_status":"closed","sticky":false,"template":"","format":"standard","meta":{"footnotes":""},"categories":[123],"tags":[707,708,4176,4177],"class_list":["post-15961","post","type-post","status-publish","format-standard","has-post-thumbnail","hentry","category-gesundheit","tag-dr-helmut-isringhaus","tag-fdp-saar","tag-khag","tag-krankenhausspargesetz"],"_links":{"self":[{"href":"https:\/\/fdp-aktiv.de\/blog\/wp-json\/wp\/v2\/posts\/15961","targetHints":{"allow":["GET"]}}],"collection":[{"href":"https:\/\/fdp-aktiv.de\/blog\/wp-json\/wp\/v2\/posts"}],"about":[{"href":"https:\/\/fdp-aktiv.de\/blog\/wp-json\/wp\/v2\/types\/post"}],"author":[{"embeddable":true,"href":"https:\/\/fdp-aktiv.de\/blog\/wp-json\/wp\/v2\/users\/1"}],"replies":[{"embeddable":true,"href":"https:\/\/fdp-aktiv.de\/blog\/wp-json\/wp\/v2\/comments?post=15961"}],"version-history":[{"count":2,"href":"https:\/\/fdp-aktiv.de\/blog\/wp-json\/wp\/v2\/posts\/15961\/revisions"}],"predecessor-version":[{"id":15963,"href":"https:\/\/fdp-aktiv.de\/blog\/wp-json\/wp\/v2\/posts\/15961\/revisions\/15963"}],"wp:featuredmedia":[{"embeddable":true,"href":"https:\/\/fdp-aktiv.de\/blog\/wp-json\/wp\/v2\/media\/12816"}],"wp:attachment":[{"href":"https:\/\/fdp-aktiv.de\/blog\/wp-json\/wp\/v2\/media?parent=15961"}],"wp:term":[{"taxonomy":"category","embeddable":true,"href":"https:\/\/fdp-aktiv.de\/blog\/wp-json\/wp\/v2\/categories?post=15961"},{"taxonomy":"post_tag","embeddable":true,"href":"https:\/\/fdp-aktiv.de\/blog\/wp-json\/wp\/v2\/tags?post=15961"}],"curies":[{"name":"wp","href":"https:\/\/api.w.org\/{rel}","templated":true}]}}