{"id":16013,"date":"2026-01-12T16:23:11","date_gmt":"2026-01-12T15:23:11","guid":{"rendered":"https:\/\/fdp-aktiv.de\/blog\/?p=16013"},"modified":"2026-01-12T16:23:11","modified_gmt":"2026-01-12T15:23:11","slug":"der-iran-kaempft-um-seine-freiheit-vom-mullah-regime","status":"publish","type":"post","link":"https:\/\/fdp-aktiv.de\/blog\/2026\/01\/12\/der-iran-kaempft-um-seine-freiheit-vom-mullah-regime\/","title":{"rendered":"Der Iran k\u00e4mpft um seine Freiheit vom Mullah-Regime"},"content":{"rendered":"<div class=\"clearfix text-formatted field field--name-body field--type-text-with-summary field--label-hidden field__item\">\n<p>Seit Wochen demonstrieren die Menschen im Iran f\u00fcr ihre Freiheit. Seit Donnerstag ist nun das Internet dort abgestellt. Es gibt dennoch Berichte von mehreren hundert toten Demonstranten. Es geht um die Freiheit des Iran vom Mullah-Regime.<\/p>\n<p>Dr. Michael Ruoff, Landesvorsitzender der FDP Bayern, erkl\u00e4rt dazu: \u201eDer Kampf der Demonstranten gegen dieses Regime beeindruckt und bewegt mich. Es zeigt: \u00dcberall auf der Welt k\u00e4mpfen Menschen f\u00fcr ihre Freiheit und gegen Unterdr\u00fcckung. Der Widerstand gegen Unterdr\u00fcckung und Bevormundung und der Wunsch nach einem Leben mit Chancen und M\u00f6glichkeiten verbinden Menschen weltweit. Und im Iran m\u00fcssen junge Menschen f\u00fcr diesen Wunsch nach Freiheit ihr Leben lassen. Europa muss klar an der Seite der Demonstranten stehen. Gerade jetzt in diesen kritischen Stunden stehen wir Freie Demokraten an der Seite der Demonstranten und fordern ein Ende der Gewalt des Mullah-Regimes.\u201c<\/p>\n<p>Susanne Seehofer, Vize-Landesvorsitzende der FDP Bayern, erg\u00e4nzt: \u201eSchon im Jahr 2022 waren die Proteste vor allem von Frauen ausgegangen &#8211; unter dem Motto \u201eFrau, Leben, Freiheit\u201c. Jetzt unternehmen junge Frauen im Iran einen weiteren mutigen Versuch, das Joch der Unterdr\u00fcckung zu \u00fcberwinden. Frauenrechte sind Menschenrechte &#8211; sie m\u00fcssten in jedem Land dieser Erde gelten. Frauen, die diese Rechte im Iran auszu\u00fcben versuchen, m\u00fcssen hingegen um Leib und Leben f\u00fcrchten. Die Barbarei im Iran muss enden. Wer auch immer sich gegen Irans Machthaber auflehnt, verdient jegliche Unterst\u00fctzung, die wir leisten k\u00f6nnen.\u201c<\/p>\n<\/div>\n","protected":false},"excerpt":{"rendered":"<p>Seit Wochen demonstrieren die Menschen im Iran f\u00fcr ihre Freiheit. Seit Donnerstag ist nun das Internet dort abgestellt. Es gibt dennoch Berichte von mehreren hundert toten Demonstranten. Es geht um [&#8230;]<\/p>\n","protected":false},"author":1,"featured_media":16014,"comment_status":"open","ping_status":"closed","sticky":false,"template":"","format":"standard","meta":{"footnotes":""},"categories":[5],"tags":[1845,4185,322,2747,4183,4184],"class_list":["post-16013","post","type-post","status-publish","format-standard","has-post-thumbnail","hentry","category-aussenpolitik","tag-demonstration","tag-dr-michael-ruoff","tag-fdp-bayern","tag-iran","tag-mullah","tag-regime"],"_links":{"self":[{"href":"https:\/\/fdp-aktiv.de\/blog\/wp-json\/wp\/v2\/posts\/16013","targetHints":{"allow":["GET"]}}],"collection":[{"href":"https:\/\/fdp-aktiv.de\/blog\/wp-json\/wp\/v2\/posts"}],"about":[{"href":"https:\/\/fdp-aktiv.de\/blog\/wp-json\/wp\/v2\/types\/post"}],"author":[{"embeddable":true,"href":"https:\/\/fdp-aktiv.de\/blog\/wp-json\/wp\/v2\/users\/1"}],"replies":[{"embeddable":true,"href":"https:\/\/fdp-aktiv.de\/blog\/wp-json\/wp\/v2\/comments?post=16013"}],"version-history":[{"count":1,"href":"https:\/\/fdp-aktiv.de\/blog\/wp-json\/wp\/v2\/posts\/16013\/revisions"}],"predecessor-version":[{"id":16015,"href":"https:\/\/fdp-aktiv.de\/blog\/wp-json\/wp\/v2\/posts\/16013\/revisions\/16015"}],"wp:featuredmedia":[{"embeddable":true,"href":"https:\/\/fdp-aktiv.de\/blog\/wp-json\/wp\/v2\/media\/16014"}],"wp:attachment":[{"href":"https:\/\/fdp-aktiv.de\/blog\/wp-json\/wp\/v2\/media?parent=16013"}],"wp:term":[{"taxonomy":"category","embeddable":true,"href":"https:\/\/fdp-aktiv.de\/blog\/wp-json\/wp\/v2\/categories?post=16013"},{"taxonomy":"post_tag","embeddable":true,"href":"https:\/\/fdp-aktiv.de\/blog\/wp-json\/wp\/v2\/tags?post=16013"}],"curies":[{"name":"wp","href":"https:\/\/api.w.org\/{rel}","templated":true}]}}