{"id":16065,"date":"2026-03-13T13:07:44","date_gmt":"2026-03-13T12:07:44","guid":{"rendered":"https:\/\/fdp-aktiv.de\/blog\/?p=16065"},"modified":"2026-03-13T13:07:44","modified_gmt":"2026-03-13T12:07:44","slug":"duerr-schmitt-erhoehung-des-spitzensteuersatzes-bestraft-mittelstand-und-handwerk-und-sabotiert-aufschwung-und-wachstum","status":"publish","type":"post","link":"https:\/\/fdp-aktiv.de\/blog\/2026\/03\/13\/duerr-schmitt-erhoehung-des-spitzensteuersatzes-bestraft-mittelstand-und-handwerk-und-sabotiert-aufschwung-und-wachstum\/","title":{"rendered":"D\u00dcRR\/SCHMITT: Erh\u00f6hung des Spitzensteuersatzes bestraft Mittelstand und Handwerk und sabotiert Aufschwung und Wachstum"},"content":{"rendered":"<div class=\"clearfix text-formatted field field--name-body field--type-text-with-summary field--label-hidden field__item\">\n<p>Zur Offenheit der Union gegen\u00fcber Steuererh\u00f6hungen erkl\u00e4rt der FDP-Bundesvorsitzende Christian D\u00fcrr:<\/p>\n<p>\u201eWer anpackt, Verantwortung \u00fcbernimmt und Wachstum erm\u00f6glicht, h\u00e4lt unsere Wirtschaft am Laufen. Politik muss den Einsatz unterst\u00fctzen und nicht erschweren. W\u00e4hrend das Leben gerade f\u00fcr viele Menschen immer teurer wird, verliert sich die Koalition immer verantwortungsloser im Sumpf von Umverteilungsphantasien und Steuererh\u00f6hungen. Wenn Entlastungen nur \u00fcber einen h\u00f6heren Spitzensteuersatz m\u00f6glich sein sollen, m\u00fcsste dieser auf deutlich \u00fcber 50 Prozent steigen. In der aktuellen Krise ist es fahrl\u00e4ssig die vielen Flei\u00dfigen, die vom Spitzensteuersatz betroffen sind, zu bestrafen\u00a0\u2013 das sind viele Arbeitnehmer, Freiberufler und Handwerker. Vielmehr noch: Wenn die Union diesen Weg geht, sabotiert sie aktiv Aufschwung und Wachstum. Sich allen Menschen, die ranklotzen, in den Weg zu stellen, ist der falsche Weg \u2013 ihnen muss der Weg bereitet werden. Es braucht den Mut zu Reformen, damit Steuern und Lohnnebenkosten sinken, mehr Freiheiten bei Investitionen entstehen und Deutschland wieder wachsen kann.\u201c<\/p>\n<p>Dazu erkl\u00e4rt Daniela Schmitt MdL, Ministerin f\u00fcr Wirtschaft, Verkehr, Landwirtschaft und Weinbau des Landes Rheinland-Pfalz und Spitzenkandidatin der FDP zur Landtagswahl in Rheinland-Pfalz:<\/p>\n<p>\u201eLeistung muss sich lohnen \u2013 gerade f\u00fcr Mittelstand und Handwerk. Viele Betriebe sind Personengesellschaften. F\u00fcr sie ist der Spitzensteuersatz faktisch eine Unternehmenssteuer. Wenn der steigt, fehlt genau das Geld f\u00fcr Investitionen, Ausbildung und Arbeitspl\u00e4tze. Dass ausgerechnet die CDU h\u00f6here Spitzensteuern nicht mehr ausschlie\u00dft, ist das falsche Signal. Wer Betriebe st\u00e4rker belastet, gef\u00e4hrdet am Ende Jobs. Gerade deshalb braucht es eine starke FDP, die konsequent f\u00fcr Entlastung, Unternehmergeist und sichere Arbeitspl\u00e4tze eintritt.\u201c<\/p>\n<\/div>\n","protected":false},"excerpt":{"rendered":"<p>Zur Offenheit der Union gegen\u00fcber Steuererh\u00f6hungen erkl\u00e4rt der FDP-Bundesvorsitzende Christian D\u00fcrr: \u201eWer anpackt, Verantwortung \u00fcbernimmt und Wachstum erm\u00f6glicht, h\u00e4lt unsere Wirtschaft am Laufen. Politik muss den Einsatz unterst\u00fctzen und nicht [&#8230;]<\/p>\n","protected":false},"author":1,"featured_media":16008,"comment_status":"open","ping_status":"closed","sticky":false,"template":"","format":"standard","meta":{"footnotes":""},"categories":[55],"tags":[90,662,1379,302,15,2104],"class_list":["post-16065","post","type-post","status-publish","format-standard","has-post-thumbnail","hentry","category-finanzen","tag-christian-duerr","tag-daniela-schmitt","tag-fdp-rlp","tag-handwerk","tag-mittelstand","tag-steuersatz"],"_links":{"self":[{"href":"https:\/\/fdp-aktiv.de\/blog\/wp-json\/wp\/v2\/posts\/16065","targetHints":{"allow":["GET"]}}],"collection":[{"href":"https:\/\/fdp-aktiv.de\/blog\/wp-json\/wp\/v2\/posts"}],"about":[{"href":"https:\/\/fdp-aktiv.de\/blog\/wp-json\/wp\/v2\/types\/post"}],"author":[{"embeddable":true,"href":"https:\/\/fdp-aktiv.de\/blog\/wp-json\/wp\/v2\/users\/1"}],"replies":[{"embeddable":true,"href":"https:\/\/fdp-aktiv.de\/blog\/wp-json\/wp\/v2\/comments?post=16065"}],"version-history":[{"count":1,"href":"https:\/\/fdp-aktiv.de\/blog\/wp-json\/wp\/v2\/posts\/16065\/revisions"}],"predecessor-version":[{"id":16067,"href":"https:\/\/fdp-aktiv.de\/blog\/wp-json\/wp\/v2\/posts\/16065\/revisions\/16067"}],"wp:featuredmedia":[{"embeddable":true,"href":"https:\/\/fdp-aktiv.de\/blog\/wp-json\/wp\/v2\/media\/16008"}],"wp:attachment":[{"href":"https:\/\/fdp-aktiv.de\/blog\/wp-json\/wp\/v2\/media?parent=16065"}],"wp:term":[{"taxonomy":"category","embeddable":true,"href":"https:\/\/fdp-aktiv.de\/blog\/wp-json\/wp\/v2\/categories?post=16065"},{"taxonomy":"post_tag","embeddable":true,"href":"https:\/\/fdp-aktiv.de\/blog\/wp-json\/wp\/v2\/tags?post=16065"}],"curies":[{"name":"wp","href":"https:\/\/api.w.org\/{rel}","templated":true}]}}