{"id":16080,"date":"2026-03-15T05:51:50","date_gmt":"2026-03-15T04:51:50","guid":{"rendered":"https:\/\/fdp-aktiv.de\/blog\/?p=16080"},"modified":"2026-03-15T05:51:50","modified_gmt":"2026-03-15T04:51:50","slug":"fdp-saar-honorarkuerzung-bei-psychotherapie-ist-falsches-signal-strukturelle-reform-statt-einzelkuerzungen-notwendig","status":"publish","type":"post","link":"https:\/\/fdp-aktiv.de\/blog\/2026\/03\/15\/fdp-saar-honorarkuerzung-bei-psychotherapie-ist-falsches-signal-strukturelle-reform-statt-einzelkuerzungen-notwendig\/","title":{"rendered":"FDP-Saar: Honorark\u00fcrzung bei Psychotherapie ist falsches Signal \u2013 strukturelle Reform statt Einzelk\u00fcrzungen notwendig"},"content":{"rendered":"<div class=\"clearfix text-formatted field field--name-field-body field--type-text-long field--label-hidden field__item\">\n<p><span>Die FDP Saar kritisiert die beschlossene Absenkung der Honorare f\u00fcr psychotherapeutische Leistungen in der gesetzlichen Krankenversicherung. Der Erweiterte Bewertungsausschuss hat entschieden, die Verg\u00fctung zum 1. April um 4,5 Prozent zu reduzieren und gleichzeitig die Strukturzuschl\u00e4ge zu erh\u00f6hen.<\/span><\/p>\n<p><span>Der gesundheitspolitische Sprecher der FDP Saar, <strong>Dr. Helmut Isringhaus<\/strong>, erkl\u00e4rt dazu:<\/span><\/p>\n<p>\u201e<span>Psychische Erkrankungen nehmen seit Jahren zu, gleichzeitig warten viele Patienten monatelang auf einen Therapieplatz. In dieser Situation Honorare zu k\u00fcrzen, ist ein falsches Signal.\u201c<\/span><\/p>\n<p><span>Nach Berechnungen der Bundespsychotherapeutenkammer wird die Entscheidung im Durchschnitt zu einer Honorarabsenkung von rund drei bis dreieinhalb Prozent f\u00fchren. Die FDP Saar sieht darin ein weiteres Beispiel daf\u00fcr, dass im Gesundheitssystem h\u00e4ufig an einzelnen Leistungen geschraubt wird, ohne die strukturellen Probleme anzugehen.<\/span><\/p>\n<p><span>Isringhaus weiter:<\/span><\/p>\n<p>\u201e<span>Das Grundproblem unseres Gesundheitssystems l\u00e4sst sich nicht durch punktuelle K\u00fcrzungen bei einzelnen Fachgruppen l\u00f6sen. Solche Ma\u00dfnahmen m\u00f6gen kurzfristig finanzielle Effekte haben, sie l\u00f6sen aber nicht die strukturellen Finanzierungsprobleme der gesetzlichen Krankenversicherung.\u201c<\/span><\/p>\n<p><span>Aus Sicht der FDP m\u00fcsse vielmehr die Gesamtstruktur des Systems reformiert werden. Dazu geh\u00f6rten eine effizientere Organisation der Versorgung, weniger B\u00fcrokratie und eine st\u00e4rkere Konzentration der Mittel auf medizinisch notwendige Leistungen.<\/span><\/p>\n<p>\u201e<span>Wer ernsthaft \u00fcber die Finanzierung des Gesundheitssystems sprechen will, muss das Gesamtsystem in den Blick nehmen. Einzelne Berufsgruppen gegeneinander auszuspielen hilft niemandem \u2013 am wenigsten den Patienten\u201c, so Isringhaus.<\/span><\/p>\n<p><span>Gerade im Bereich der psychischen Erkrankungen sei es entscheidend, die ambulante Versorgung zu st\u00e4rken. Fr\u00fchzeitige Behandlung verhindere Chronifizierungen und vermeide deutlich h\u00f6here Kosten in Krankenh\u00e4usern oder durch langfristige Arbeitsunf\u00e4higkeit.<\/span><\/p>\n<p>\u201e<span>Psychotherapie ist keine Kostenbelastung, sondern eine Investition in Gesundheit, Arbeitsf\u00e4higkeit und gesellschaftliche Stabilit\u00e4t\u201c, betont Isringhaus.<\/span><\/p>\n<\/div>\n","protected":false},"excerpt":{"rendered":"<p>Die FDP Saar kritisiert die beschlossene Absenkung der Honorare f\u00fcr psychotherapeutische Leistungen in der gesetzlichen Krankenversicherung. Der Erweiterte Bewertungsausschuss hat entschieden, die Verg\u00fctung zum 1. April um 4,5 Prozent zu [&#8230;]<\/p>\n","protected":false},"author":1,"featured_media":12816,"comment_status":"open","ping_status":"closed","sticky":false,"template":"","format":"standard","meta":{"footnotes":""},"categories":[123],"tags":[707,708,4198],"class_list":["post-16080","post","type-post","status-publish","format-standard","has-post-thumbnail","hentry","category-gesundheit","tag-dr-helmut-isringhaus","tag-fdp-saar","tag-psychotherapie"],"_links":{"self":[{"href":"https:\/\/fdp-aktiv.de\/blog\/wp-json\/wp\/v2\/posts\/16080","targetHints":{"allow":["GET"]}}],"collection":[{"href":"https:\/\/fdp-aktiv.de\/blog\/wp-json\/wp\/v2\/posts"}],"about":[{"href":"https:\/\/fdp-aktiv.de\/blog\/wp-json\/wp\/v2\/types\/post"}],"author":[{"embeddable":true,"href":"https:\/\/fdp-aktiv.de\/blog\/wp-json\/wp\/v2\/users\/1"}],"replies":[{"embeddable":true,"href":"https:\/\/fdp-aktiv.de\/blog\/wp-json\/wp\/v2\/comments?post=16080"}],"version-history":[{"count":1,"href":"https:\/\/fdp-aktiv.de\/blog\/wp-json\/wp\/v2\/posts\/16080\/revisions"}],"predecessor-version":[{"id":16081,"href":"https:\/\/fdp-aktiv.de\/blog\/wp-json\/wp\/v2\/posts\/16080\/revisions\/16081"}],"wp:featuredmedia":[{"embeddable":true,"href":"https:\/\/fdp-aktiv.de\/blog\/wp-json\/wp\/v2\/media\/12816"}],"wp:attachment":[{"href":"https:\/\/fdp-aktiv.de\/blog\/wp-json\/wp\/v2\/media?parent=16080"}],"wp:term":[{"taxonomy":"category","embeddable":true,"href":"https:\/\/fdp-aktiv.de\/blog\/wp-json\/wp\/v2\/categories?post=16080"},{"taxonomy":"post_tag","embeddable":true,"href":"https:\/\/fdp-aktiv.de\/blog\/wp-json\/wp\/v2\/tags?post=16080"}],"curies":[{"name":"wp","href":"https:\/\/api.w.org\/{rel}","templated":true}]}}