{"id":16095,"date":"2026-04-22T11:00:33","date_gmt":"2026-04-22T09:00:33","guid":{"rendered":"https:\/\/fdp-aktiv.de\/blog\/?p=16095"},"modified":"2026-04-22T11:00:33","modified_gmt":"2026-04-22T09:00:33","slug":"rueckblick-auf-den-89-landesparteitag-der-fdp-bayern","status":"publish","type":"post","link":"https:\/\/fdp-aktiv.de\/blog\/2026\/04\/22\/rueckblick-auf-den-89-landesparteitag-der-fdp-bayern\/","title":{"rendered":"R\u00fcckblick auf den 89. Landesparteitag der FDP Bayern"},"content":{"rendered":"<div class=\"clearfix text-formatted field field--name-body field--type-text-with-summary field--label-hidden field__item\">\n<p>Am vergangenen Wochenende, am 18. und 19. April 2026, fand der 89. ordentliche Parteitag der FDP Bayern statt. Die Nachwahl des Landesvorsitzenden standen dabei am Samstag im Zentrum des Parteitags. Dabei wurde Matthias FISCHBACH zum neuen Vorsitzenden der Freien Demokraten in Bayern gew\u00e4hlt. Er konnte sich in der Stichwahl gegen Moritz Fingerle durchsetzen. Zuvor hatten auch Hans-Peter Posch und Aljoscha Lubos sich um das Amt beworben. N\u00f6tig wurde die Nachwahl, da Michael Ruoff aus pers\u00f6nlichen Gr\u00fcnden zur\u00fcckgetreten war.<\/p>\n<p>Neuer Generalsekret\u00e4r der bayerischen Liberalen ist Daniel Kuhagen. Karl Schenk Graf von Stauffenberg folgt Matthias Fischbach als Stellvertretender Vorsitzender nach. Die Pressemitteilung nach der Wahl finden Sie auch <a href=\"https:\/\/www.fdp-bayern.de\/pressemitteilung\/fischbach-als-neuer-landesvorsitzender-gewaehlt\">hier <\/a>nochmals.<\/p>\n<p>Am Sonntag stand dann die inhaltliche Debatte im Vordergrund. Der Leitantrag des Landesvorstands \u201eMit liberalem Kompass durch turbulente Zeiten\u201c finden sie <a href=\"https:\/\/www.fdp-bayern.de\/beschluss\/mit-liberalem-kompass-durch-turbulente-zeiten\">hier<\/a>.<\/p>\n<p>Der Leitantrag geht dabei auf drei wichtige Themen ein: Zum einen KI als Zukunftsmotor auch f\u00fcr die Wirtschaft in Deutschland und Europa und welche Rahmenbedingungen sich \u00e4ndern m\u00fcssen, damit das gelingen kann. Zum anderen wie eine <a href=\"https:\/\/fdp-aktiv.de\/blog\/2021\/01\/29\/fdp-forderung-bildung\/\" data-internallinksmanager029f6b8e52c=\"3\" title=\"FDP Forderung Bildungspolitik\">Bildungspolitik<\/a> der Zukunft &#8211; gerade im Hinblick auf eine sich st\u00e4ndig wandelnde (digitale) Welt &#8211; gelingen kann. Und schlie\u00dflich wie wir die FDP so gestalten k\u00f6nnen, dass sie wieder diese Partei wird, die die wichtigen Themen voranbringen kann.<\/p>\n<p>Dazu <strong>Matthias Fischbach<\/strong>, Landesvorsitzender der FDP Bayern: \u201eWir m\u00fcssen KI in Deutschland und Europa st\u00e4rker als Chance denn nur als Risiko begreifen. Gerade warnt die Wirtschaft mal wieder vor zu viel Regulierung in diesem Bereich &#8211; ganz konkret Siemens, Deutschlands gr\u00f6\u00dfter DAX-Konzern mit Sitz in Bayern. Bayern muss den Druck in Br\u00fcssel erh\u00f6hen, der AI-Act kann so nicht bleiben! F\u00fcr uns ist aber auch klar, das wir die Rahmenbedingungen auch in Bayern daf\u00fcr \u00e4ndern m\u00fcssen. Das gilt insbesondere f\u00fcr die Energiekosten und -sicherheit. Hier wollen wir neue Wege in der Energieversorgung gehen und kleine, modulare Kernkraftwerke der neuesten Generation zulassen.\u201c<\/p>\n<p>Dar\u00fcber hinaus hat der Landesparteitag sich auch mit strukturellen Fragen der innerverbandlichen Finanzierung besch\u00e4ftigt. Die Delegierten sind hier mit breiter Mehrheit dem Vorschlag des Landesvorstands gefolgt, die Umlage f\u00fcr den Landesverband zu erh\u00f6hen.<\/p>\n<p><strong>Fischbach <\/strong>erkl\u00e4rt dazu: \u201eDamit haben wir bereits jetzt den ersten Schritt f\u00fcr einen erfolgreichen Landtagswahlkampf 2028 gemacht. Wir haben nun die n\u00f6tige finanzielle Grundlage um unsere Kampagnenf\u00e4higkeit zu erh\u00f6hen und auch aus der APO wahrnehmbar zu werden. Ich freue mich, dass die Partei auch zu solchen schwierigen Entscheidungen in der Lage ist. Die Partei fordert nicht nur Reformen &#8211; sie arbeitet auch an sich selbst! Das stimmt mich positiv, dass wir auch weitere Schritte bis zum Wiedereinzug ins Maximilianeum gehen werden. Dieses Jahr beginnt das Comeback der FDP.\u201c<\/p>\n<\/div>\n","protected":false},"excerpt":{"rendered":"<p>Am vergangenen Wochenende, am 18. und 19. April 2026, fand der 89. ordentliche Parteitag der FDP Bayern statt. Die Nachwahl des Landesvorsitzenden standen dabei am Samstag im Zentrum des Parteitags. [&#8230;]<\/p>\n","protected":false},"author":1,"featured_media":4142,"comment_status":"open","ping_status":"closed","sticky":false,"template":"","format":"standard","meta":{"footnotes":""},"categories":[6],"tags":[322,160],"class_list":["post-16095","post","type-post","status-publish","format-standard","has-post-thumbnail","hentry","category-politik","tag-fdp-bayern","tag-matthias-fischbach"],"_links":{"self":[{"href":"https:\/\/fdp-aktiv.de\/blog\/wp-json\/wp\/v2\/posts\/16095","targetHints":{"allow":["GET"]}}],"collection":[{"href":"https:\/\/fdp-aktiv.de\/blog\/wp-json\/wp\/v2\/posts"}],"about":[{"href":"https:\/\/fdp-aktiv.de\/blog\/wp-json\/wp\/v2\/types\/post"}],"author":[{"embeddable":true,"href":"https:\/\/fdp-aktiv.de\/blog\/wp-json\/wp\/v2\/users\/1"}],"replies":[{"embeddable":true,"href":"https:\/\/fdp-aktiv.de\/blog\/wp-json\/wp\/v2\/comments?post=16095"}],"version-history":[{"count":1,"href":"https:\/\/fdp-aktiv.de\/blog\/wp-json\/wp\/v2\/posts\/16095\/revisions"}],"predecessor-version":[{"id":16096,"href":"https:\/\/fdp-aktiv.de\/blog\/wp-json\/wp\/v2\/posts\/16095\/revisions\/16096"}],"wp:featuredmedia":[{"embeddable":true,"href":"https:\/\/fdp-aktiv.de\/blog\/wp-json\/wp\/v2\/media\/4142"}],"wp:attachment":[{"href":"https:\/\/fdp-aktiv.de\/blog\/wp-json\/wp\/v2\/media?parent=16095"}],"wp:term":[{"taxonomy":"category","embeddable":true,"href":"https:\/\/fdp-aktiv.de\/blog\/wp-json\/wp\/v2\/categories?post=16095"},{"taxonomy":"post_tag","embeddable":true,"href":"https:\/\/fdp-aktiv.de\/blog\/wp-json\/wp\/v2\/tags?post=16095"}],"curies":[{"name":"wp","href":"https:\/\/api.w.org\/{rel}","templated":true}]}}