{"id":1615,"date":"2021-06-12T08:23:30","date_gmt":"2021-06-12T06:23:30","guid":{"rendered":"https:\/\/fdp-aktiv.de\/blog\/?p=1615"},"modified":"2021-06-12T08:24:54","modified_gmt":"2021-06-12T06:24:54","slug":"buergerinnen-und-buerger-bei-doppelbesteuerung-nicht-im-stich-lassen","status":"publish","type":"post","link":"https:\/\/fdp-aktiv.de\/blog\/2021\/06\/12\/buergerinnen-und-buerger-bei-doppelbesteuerung-nicht-im-stich-lassen\/","title":{"rendered":"B\u00fcrgerinnen und B\u00fcrger bei #Doppelbesteuerung nicht im Stich lassen!"},"content":{"rendered":"<p><iframe loading=\"lazy\" title=\"B\u00fcrgerinnen und B\u00fcrger bei #Doppelbesteuerung nicht im Stich lassen!\" width=\"800\" height=\"450\" src=\"https:\/\/www.youtube.com\/embed\/ENOgHeE63RU?feature=oembed\" frameborder=\"0\" allow=\"accelerometer; autoplay; clipboard-write; encrypted-media; gyroscope; picture-in-picture\" allowfullscreen><\/iframe><\/p>\n<p><span class=\"style-scope yt-formatted-string\" dir=\"auto\">&#8220;Die Gro\u00dfe Koalition stiehlt sich bei der <a href=\"https:\/\/fdp-aktiv.de\/blog\/2021\/01\/29\/fdp-thema-rente\/\" data-internallinksmanager029f6b8e52c=\"1\" title=\"FDP Forderung Rentenpolitik\" target=\"_blank\" rel=\"noopener\">Rentenpolitik<\/a> aus der Verantwortung. Statt das Problem der Doppelbesteuerung bei Rentnern zu l\u00f6sen, delegiert sie die Verantwortung an die B\u00fcrgerinnen und B\u00fcrger. Diese sollen dann nachweisen, dass es individuell Doppelbesteuerung gegeben haben soll. Sollen sie nun ihr ganzes Erwerbsleben ihre Steuerbescheide aufheben? Was ist das f\u00fcr ein Aktensammlungs-Anti-Digitalisierungs-Programm? Das ist eine Frechheit. Bei der Doppelverbeitragung erleben wir das gleiche. Auch heute kommt es noch vor, dass es B\u00fcrgerinnen und B\u00fcrger gibt, die doppelt Beitr\u00e4ge auf Krankenversicherungsbeitr\u00e4ge, auf bestimmte Konstellationen von betrieblicher und privater Vorsorge zahlen m\u00fcssen. Das geht so nicht!&#8221;, so unser rentenpolitischer Sprecher Johannes Vogel zur <\/span><a class=\"yt-simple-endpoint style-scope yt-formatted-string\" dir=\"auto\" spellcheck=\"false\" href=\"https:\/\/www.youtube.com\/hashtag\/doppelbesteuerung\">#Doppelbesteuerung<\/a><span class=\"style-scope yt-formatted-string\" dir=\"auto\">, <\/span><a class=\"yt-simple-endpoint style-scope yt-formatted-string\" dir=\"auto\" spellcheck=\"false\" href=\"https:\/\/www.youtube.com\/hashtag\/altersvorsorge\">#Altersvorsorge<\/a><span class=\"style-scope yt-formatted-string\" dir=\"auto\"> und <\/span><a class=\"yt-simple-endpoint style-scope yt-formatted-string\" dir=\"auto\" spellcheck=\"false\" href=\"https:\/\/www.youtube.com\/hashtag\/rente\">#Rente<\/a><span class=\"style-scope yt-formatted-string\" dir=\"auto\"> im Deutschen Bundestag.\u00a0<\/span><\/p>\n<p><span class=\"style-scope yt-formatted-string\" dir=\"auto\"> Abonniert den Kanal f\u00fcr Updates zu neuen Videos: <\/span><a class=\"yt-simple-endpoint style-scope yt-formatted-string\" dir=\"auto\" spellcheck=\"false\" href=\"http:\/\/www.youtube.com\/c\/fdpbt?sub_confirmation=1\" rel=\"nofollow\">http:\/\/www.youtube.com\/c\/fdpbt?sub_co&#8230;<\/a><\/p>\n<p><span class=\"style-scope yt-formatted-string\" dir=\"auto\">Folgt der Fraktion auf Facebook: <\/span><a class=\"yt-simple-endpoint style-scope yt-formatted-string\" dir=\"auto\" spellcheck=\"false\" href=\"https:\/\/www.youtube.com\/redirect?event=video_description&amp;redir_token=QUFFLUhqazhyWHdWLVlUVnNkZDlxekQ5QTNCNG90M2RiQXxBQ3Jtc0tscFVhRXdXclRvVllrMFRNdUpLMjBBd0p4QzNxYkFaWmJsdnEyNFluV2l3bDJsX1AtSktEaXZ2bXpIblM0SjhpcTZwMjllWGd3Wm1WNDJwVnRwdkIxWGlMR2xLOUFiVTRydlY3cDdUOFNiU1dDZDJTVQ&amp;q=https%3A%2F%2Ffacebook.com%2Ffdpbt%2F\" target=\"_blank\" rel=\"nofollow noopener\">https:\/\/facebook.com\/fdpbt\/<\/a><\/p>\n<p><span class=\"style-scope yt-formatted-string\" dir=\"auto\">oder Twitter: <\/span><a class=\"yt-simple-endpoint style-scope yt-formatted-string\" dir=\"auto\" spellcheck=\"false\" href=\"https:\/\/www.youtube.com\/redirect?event=video_description&amp;redir_token=QUFFLUhqbk1YREREOXJNVHZFZTg3bnV4cG5pbjdKZWpEUXxBQ3Jtc0tsVTRYM3AweE1sRExSZmczQjJQblhXeHFGX3ZhSmdSLTFfMlJZMzFGcF9FQi1TdDRlX045aDc0WWFjV1BENl85SGFZMkZIam5jUlpEV2ZFbFRkZ0FiNTRwdHQtOVBzZG9IUC1CXzhPTlc0djZ3NmV1Zw&amp;q=https%3A%2F%2Ftwitter.com%2Ffdpbt\" target=\"_blank\" rel=\"nofollow noopener\">https:\/\/twitter.com\/fdpbt<\/a><\/p>\n<p><span class=\"style-scope yt-formatted-string\" dir=\"auto\">oder Instagram: <\/span><a class=\"yt-simple-endpoint style-scope yt-formatted-string\" dir=\"auto\" spellcheck=\"false\" href=\"https:\/\/www.youtube.com\/redirect?event=video_description&amp;redir_token=QUFFLUhqa3J1d1VETy1saW8xcGRVcWVuZVBSbkhDLXlDd3xBQ3Jtc0trci1kUGQ3VHhNc2ZzYkVMeHFnNWdhN0x4cG8yT1pFT1FkbFJ6dG5TSDhiYTZRemx1Ykdta3NzYkFfZHFfMWJKcEVnVFYxajZzUTNBOFNOLXh6VmE5Q1F4NzF0VWlyZkZlNS1Wc1cyTjdTYVBHSXM2TQ&amp;q=https%3A%2F%2Finstagram.com%2Ffdpbt%2F\" target=\"_blank\" rel=\"nofollow noopener\">https:\/\/instagram.com\/fdpbt\/<\/a><\/p>\n<figure id=\"attachment_1353\" aria-describedby=\"caption-attachment-1353\" style=\"width: 800px\" class=\"wp-caption alignnone\"><img loading=\"lazy\" decoding=\"async\" class=\"size-large wp-image-1353\" src=\"https:\/\/fdp-aktiv.de\/blog\/wp-content\/uploads\/2021\/05\/Johannes_Vogel-1024x666.jpg\" alt=\"Johannes Vogel\" width=\"800\" height=\"520\" \/><figcaption id=\"caption-attachment-1353\" class=\"wp-caption-text\">Johannes Vogel<\/figcaption><\/figure>\n<h3>Weitere Themen:<\/h3>\n<p><a title=\"Die Verm\u00f6genssteuer ist ein politisches Kampfinstrument\" href=\"https:\/\/fdp-aktiv.de\/blog\/2021\/06\/12\/1610\/\">Die Verm\u00f6genssteuer ist ein politisches Kampfinstrument<\/a><\/p>\n<p>&nbsp;<\/p>\n<p>&nbsp;<\/p>\n","protected":false},"excerpt":{"rendered":"<p>&#8220;Die Gro\u00dfe Koalition stiehlt sich bei der Rentenpolitik aus der Verantwortung. Statt das Problem der Doppelbesteuerung bei Rentnern zu l\u00f6sen, delegiert sie die Verantwortung an die B\u00fcrgerinnen und B\u00fcrger. Diese [&#8230;]<\/p>\n","protected":false},"author":1,"featured_media":0,"comment_status":"open","ping_status":"closed","sticky":false,"template":"","format":"standard","meta":{"footnotes":""},"categories":[360,8,60],"tags":[276,891,13,130,273],"class_list":["post-1615","post","type-post","status-publish","format-standard","hentry","category-rente","category-wirtschaft","category-youtube","tag-altersvorsorge","tag-doppelbescheuerung","tag-fdp","tag-johannes-vogel","tag-rente"],"_links":{"self":[{"href":"https:\/\/fdp-aktiv.de\/blog\/wp-json\/wp\/v2\/posts\/1615","targetHints":{"allow":["GET"]}}],"collection":[{"href":"https:\/\/fdp-aktiv.de\/blog\/wp-json\/wp\/v2\/posts"}],"about":[{"href":"https:\/\/fdp-aktiv.de\/blog\/wp-json\/wp\/v2\/types\/post"}],"author":[{"embeddable":true,"href":"https:\/\/fdp-aktiv.de\/blog\/wp-json\/wp\/v2\/users\/1"}],"replies":[{"embeddable":true,"href":"https:\/\/fdp-aktiv.de\/blog\/wp-json\/wp\/v2\/comments?post=1615"}],"version-history":[{"count":2,"href":"https:\/\/fdp-aktiv.de\/blog\/wp-json\/wp\/v2\/posts\/1615\/revisions"}],"predecessor-version":[{"id":1618,"href":"https:\/\/fdp-aktiv.de\/blog\/wp-json\/wp\/v2\/posts\/1615\/revisions\/1618"}],"wp:attachment":[{"href":"https:\/\/fdp-aktiv.de\/blog\/wp-json\/wp\/v2\/media?parent=1615"}],"wp:term":[{"taxonomy":"category","embeddable":true,"href":"https:\/\/fdp-aktiv.de\/blog\/wp-json\/wp\/v2\/categories?post=1615"},{"taxonomy":"post_tag","embeddable":true,"href":"https:\/\/fdp-aktiv.de\/blog\/wp-json\/wp\/v2\/tags?post=1615"}],"curies":[{"name":"wp","href":"https:\/\/api.w.org\/{rel}","templated":true}]}}