{"id":162,"date":"2021-01-18T10:20:15","date_gmt":"2021-01-18T09:20:15","guid":{"rendered":"https:\/\/fdp-aktiv.de\/blog\/?p=162"},"modified":"2021-08-25T08:25:31","modified_gmt":"2021-08-25T06:25:31","slug":"komplettversagen-der-bundesregierung","status":"publish","type":"post","link":"https:\/\/fdp-aktiv.de\/blog\/2021\/01\/18\/komplettversagen-der-bundesregierung\/","title":{"rendered":"\u201eKomplettversagen\u201c der Bundesregierung"},"content":{"rendered":"\n<figure class=\"wp-block-image\"><img decoding=\"async\" src=\"https:\/\/www.deutschlandfunk.de\/media\/thumbs\/7\/70de40291764f6ef12dca6686006b964v1_max_720x405_b3535db83dc50e27c1bb1392364c95a2.jpg?key=6df725\" alt=\"Wolfgang Kubicki (FDP), Vizepr\u00e4sident des Bundestags, w\u00e4hrend einer Sitzung des Parlaments mit Mundschutz. (imago images \/ Christian Spicker)\"\/><\/figure>\n\n\n\n<p>Der FDP-Politiker und Bundestags-Vizepr\u00e4sident Kubicki hat \u00dcberlegungen der Bundesregierung kritisiert, die Corona-Ma\u00dfnahmen weiter zu versch\u00e4rfen.<\/p>\n\n\n\n<p>Kubicki sagte der Funke Mediengruppe, es sei nicht rational zu erkl\u00e4ren, dass trotz sinkender Zahlen und gr\u00f6\u00dfer werdender Intensivkapazit\u00e4ten \u00fcber Versch\u00e4rfungen geredet werde. Die Tatsache, dass Ende M\u00e4rz bereits die gesamte Bev\u00f6lkerung Israels geimpft sein werde und Deutschland \u00fcber einen Lockdown bis Ostern diskutiere, zeige das \u2013 Zitat \u2013 \u201eKomplettversagen der Regierung Merkel\u201c.<\/p>\n\n\n\n<p><strong>Link zum Beitrag: <\/strong><\/p>\n\n\n\n<p><a href=\"https:\/\/www.deutschlandfunk.de\/moegliche-lockdown-verschaerfungen-kubicki-spricht-von.1939.de.html?drn:news_id=1217063\">https:\/\/www.deutschlandfunk.de\/moegliche-lockdown-verschaerfungen-kubicki-spricht-von.1939.de.html?drn:news_id=1217063<\/a><\/p>\n","protected":false},"excerpt":{"rendered":"<p>Der FDP-Politiker und Bundestags-Vizepr\u00e4sident Kubicki hat \u00dcberlegungen der Bundesregierung kritisiert, die Corona-Ma\u00dfnahmen weiter zu versch\u00e4rfen. Kubicki sagte der Funke Mediengruppe, es sei nicht rational zu erkl\u00e4ren, dass trotz sinkender Zahlen [&#8230;]<\/p>\n","protected":false},"author":1,"featured_media":0,"comment_status":"open","ping_status":"open","sticky":false,"template":"","format":"standard","meta":{"footnotes":""},"categories":[4],"tags":[16,10,907,27,74,66],"class_list":["post-162","post","type-post","status-publish","format-standard","hentry","category-covid-19","tag-corona","tag-covid","tag-fdp-aktiv","tag-lockdown","tag-massnahmen","tag-wolfgang-kubicki"],"_links":{"self":[{"href":"https:\/\/fdp-aktiv.de\/blog\/wp-json\/wp\/v2\/posts\/162","targetHints":{"allow":["GET"]}}],"collection":[{"href":"https:\/\/fdp-aktiv.de\/blog\/wp-json\/wp\/v2\/posts"}],"about":[{"href":"https:\/\/fdp-aktiv.de\/blog\/wp-json\/wp\/v2\/types\/post"}],"author":[{"embeddable":true,"href":"https:\/\/fdp-aktiv.de\/blog\/wp-json\/wp\/v2\/users\/1"}],"replies":[{"embeddable":true,"href":"https:\/\/fdp-aktiv.de\/blog\/wp-json\/wp\/v2\/comments?post=162"}],"version-history":[{"count":1,"href":"https:\/\/fdp-aktiv.de\/blog\/wp-json\/wp\/v2\/posts\/162\/revisions"}],"predecessor-version":[{"id":163,"href":"https:\/\/fdp-aktiv.de\/blog\/wp-json\/wp\/v2\/posts\/162\/revisions\/163"}],"wp:attachment":[{"href":"https:\/\/fdp-aktiv.de\/blog\/wp-json\/wp\/v2\/media?parent=162"}],"wp:term":[{"taxonomy":"category","embeddable":true,"href":"https:\/\/fdp-aktiv.de\/blog\/wp-json\/wp\/v2\/categories?post=162"},{"taxonomy":"post_tag","embeddable":true,"href":"https:\/\/fdp-aktiv.de\/blog\/wp-json\/wp\/v2\/tags?post=162"}],"curies":[{"name":"wp","href":"https:\/\/api.w.org\/{rel}","templated":true}]}}