{"id":1621,"date":"2021-06-13T06:02:33","date_gmt":"2021-06-13T04:02:33","guid":{"rendered":"https:\/\/fdp-aktiv.de\/blog\/?p=1621"},"modified":"2023-02-15T11:26:52","modified_gmt":"2023-02-15T10:26:52","slug":"promny-freie-demokraten-fordern-abschaffung-der-maskenpflicht-an-grundschulen","status":"publish","type":"post","link":"https:\/\/fdp-aktiv.de\/blog\/2021\/06\/13\/promny-freie-demokraten-fordern-abschaffung-der-maskenpflicht-an-grundschulen\/","title":{"rendered":"PROMNY: Freie Demokraten fordern Abschaffung der Maskenpflicht an Grundschulen"},"content":{"rendered":"<p><img decoding=\"async\" class=\"n3VNCb\" src=\"https:\/\/fdp-fraktion-hessen.de\/wp-content\/uploads\/2019\/01\/2019.02.26_FDP_MoritzPromny-1_LD.jpg\" alt=\"Moritz Promny | Freie Demokraten im Hessischen Landtag\" data-noaft=\"1\" \/><\/p>\n<div class=\"clearfix text-formatted field field--name-body field--type-text-with-summary field--label-hidden field__item\">\n<ul>\n<li><strong>Infektionsrisiko ist deutlich gesunken<\/strong><\/li>\n<li><strong>Masken stellen Belastung f\u00fcr Kinder dar<\/strong><\/li>\n<\/ul>\n<p>WIESBADEN \u2013 Moritz PROMNY, bildungspolitischer Sprecher der Fraktion der Freien Demokraten im Hessischen Landtag, hat die Landesregierung aufgefordert, die Maskenpflicht in Hessens Schulen abzuschaffen. \u201eDas Tragen einer Maske belastet vor allem die j\u00fcngeren Kinder enorm. Zudem sind Mimik und Mundbewegungen auch aus p\u00e4dagogischen Gr\u00fcnden bedeutsam, beispielsweise beim Spracherwerb. Deshalb muss die Pflicht f\u00fcr Grundschulkinder sofort aufgehoben werden\u201c, erkl\u00e4rt Promny und verweist auf die kontinuierlich sinkende Inzidenz und regelm\u00e4\u00dfige Tests. \u201eBeides senkt das Risiko einer Infektion mit dem Corona-Virus deutlich. Dazu kommt, dass immer mehr Lehrkr\u00e4fte geimpft sind. Daher ist es zu verantworten, die Maskenpflicht in Grundschulen \u2013 und bei weiter sinkenden Inzidenzen auch an weiterf\u00fchrenden Schulen \u2013 aufzuheben.\u201c<\/p>\n<p>Promny erg\u00e4nzt: \u201eNat\u00fcrlich sollte es Sch\u00fclerinnen und Sch\u00fclern unbenommen bleiben, im Unterricht oder auch auf dem Schulhof Maske zu tragen, wenn sie sich damit sicherer f\u00fchlen. Eine generelle Pflicht ist aber nicht mehr erforderlich.\u201c<\/p>\n<\/div>\n","protected":false},"excerpt":{"rendered":"<p>Infektionsrisiko ist deutlich gesunken Masken stellen Belastung f\u00fcr Kinder dar WIESBADEN \u2013 Moritz PROMNY, bildungspolitischer Sprecher der Fraktion der Freien Demokraten im Hessischen Landtag, hat die Landesregierung aufgefordert, die Maskenpflicht [&#8230;]<\/p>\n","protected":false},"author":1,"featured_media":0,"comment_status":"open","ping_status":"closed","sticky":false,"template":"","format":"standard","meta":{"footnotes":""},"categories":[34,4],"tags":[896,635,915,894,893],"class_list":["post-1621","post","type-post","status-publish","format-standard","hentry","category-bildung","category-covid-19","tag-abschaffung","tag-fdp-hessen","tag-grundschule","tag-maskenpflicht","tag-moritz-promny"],"_links":{"self":[{"href":"https:\/\/fdp-aktiv.de\/blog\/wp-json\/wp\/v2\/posts\/1621","targetHints":{"allow":["GET"]}}],"collection":[{"href":"https:\/\/fdp-aktiv.de\/blog\/wp-json\/wp\/v2\/posts"}],"about":[{"href":"https:\/\/fdp-aktiv.de\/blog\/wp-json\/wp\/v2\/types\/post"}],"author":[{"embeddable":true,"href":"https:\/\/fdp-aktiv.de\/blog\/wp-json\/wp\/v2\/users\/1"}],"replies":[{"embeddable":true,"href":"https:\/\/fdp-aktiv.de\/blog\/wp-json\/wp\/v2\/comments?post=1621"}],"version-history":[{"count":1,"href":"https:\/\/fdp-aktiv.de\/blog\/wp-json\/wp\/v2\/posts\/1621\/revisions"}],"predecessor-version":[{"id":1622,"href":"https:\/\/fdp-aktiv.de\/blog\/wp-json\/wp\/v2\/posts\/1621\/revisions\/1622"}],"wp:attachment":[{"href":"https:\/\/fdp-aktiv.de\/blog\/wp-json\/wp\/v2\/media?parent=1621"}],"wp:term":[{"taxonomy":"category","embeddable":true,"href":"https:\/\/fdp-aktiv.de\/blog\/wp-json\/wp\/v2\/categories?post=1621"},{"taxonomy":"post_tag","embeddable":true,"href":"https:\/\/fdp-aktiv.de\/blog\/wp-json\/wp\/v2\/tags?post=1621"}],"curies":[{"name":"wp","href":"https:\/\/api.w.org\/{rel}","templated":true}]}}