{"id":1623,"date":"2021-06-13T06:06:26","date_gmt":"2021-06-13T04:06:26","guid":{"rendered":"https:\/\/fdp-aktiv.de\/blog\/?p=1623"},"modified":"2021-06-13T06:06:26","modified_gmt":"2021-06-13T04:06:26","slug":"kay-richert-lieferkettengesetz-ist-der-falsche-weg","status":"publish","type":"post","link":"https:\/\/fdp-aktiv.de\/blog\/2021\/06\/13\/kay-richert-lieferkettengesetz-ist-der-falsche-weg\/","title":{"rendered":"Kay Richert: Lieferkettengesetz ist der falsche Weg"},"content":{"rendered":"<p>ur Verabschiedung des Lieferkettengesetzes im Bundestag erkl\u00e4rt der wirtschaftspolitische Sprecher der FDP-Landtagsfraktion, <strong>Kay Richert<\/strong>:<\/p>\n<figure style=\"width: 700px\" class=\"wp-caption alignnone\"><a href=\"https:\/\/www.fdp-fraktion-sh.de\/sites\/default\/files\/styles\/image930\/public\/2020-01\/Kay_Richert_1.jpg?itok=HygXiut6\"><img loading=\"lazy\" decoding=\"async\" class=\"n3VNCb\" src=\"https:\/\/www.fdp-fraktion-sh.de\/sites\/default\/files\/styles\/image930\/public\/2020-01\/Kay_Richert_1.jpg?itok=HygXiut6\" alt=\"Kay Richert | FDP Fraktion Schleswig-Holstein\" width=\"700\" height=\"395\" data-noaft=\"1\" \/><\/a><figcaption class=\"wp-caption-text\">Kay Richert<\/figcaption><\/figure>\n<p>\u201eDie Menschenrechte sind ein hohes Gut und m\u00fcssen selbstverst\u00e4ndlich von allen respektiert und eingehalten werden. Die Wahrung der Menschen-rechte ist allerdings eine ureigene Aufgabe der Staaten. Diese Verantwortung kann nicht einfach auf die Wirtschaft abgew\u00e4lzt werden. Insofern ist ein Lieferkettengesetz der falsche Weg und f\u00fchrt auch durch polarisierende Parolen nicht zur L\u00f6sung von Problemen. Der zielf\u00fchrendere Ansatz ist die Verankerung von klaren Menschenrechts- und Umweltstandards inklusive dazugeh\u00f6riger Kontroll- und Sanktionsmechanismen in Freihandelsabkommen. Statt die Globalisierung und damit die Quelle unseres Wohlstands zu verteufeln, sollten sich alle proeurop\u00e4ischen Akteure viel st\u00e4rker f\u00fcr Handelsabkommen der EU einsetzen.<\/p>\n<p>&nbsp;<\/p>\n<p>Die Corona-Pandemie ist bereits eine enorme Belastung f\u00fcr die Unternehmen und ihre Besch\u00e4ftigten. Um die Wirtschaft zu entfesseln und wieder in Schwung zu bekommen, ben\u00f6tigen wir daher ein echtes Belastungsmoratorium statt die wirkungslose B\u00fcrokratie des Lieferkettengesetzes, das im Zweifel sogar zu einem r\u00fcckl\u00e4ufigen Engagement von Unternehmen in Entwicklungsl\u00e4ndern f\u00fchren kann. Ein nationaler Alleingang ist zudem doppelt widersinnig, da die EU bereits einen eigenen Gesetzentwurf angek\u00fcndigt hat. Im Sinne des gemeinsamen Binnenmarktes sollte man daher \u2013 wenn \u00fcber-haupt \u2013 auf europ\u00e4ischer Ebene aktiv werden.\u201c<\/p>\n","protected":false},"excerpt":{"rendered":"<p>ur Verabschiedung des Lieferkettengesetzes im Bundestag erkl\u00e4rt der wirtschaftspolitische Sprecher der FDP-Landtagsfraktion, Kay Richert: \u201eDie Menschenrechte sind ein hohes Gut und m\u00fcssen selbstverst\u00e4ndlich von allen respektiert und eingehalten werden. Die [&#8230;]<\/p>\n","protected":false},"author":1,"featured_media":0,"comment_status":"open","ping_status":"closed","sticky":false,"template":"","format":"standard","meta":{"footnotes":""},"categories":[8],"tags":[520,814,897,513,75],"class_list":["post-1623","post","type-post","status-publish","format-standard","hentry","category-wirtschaft","tag-belastung","tag-fdp-lsh","tag-kay-richert","tag-lieferkettengesetz","tag-pandemie"],"_links":{"self":[{"href":"https:\/\/fdp-aktiv.de\/blog\/wp-json\/wp\/v2\/posts\/1623","targetHints":{"allow":["GET"]}}],"collection":[{"href":"https:\/\/fdp-aktiv.de\/blog\/wp-json\/wp\/v2\/posts"}],"about":[{"href":"https:\/\/fdp-aktiv.de\/blog\/wp-json\/wp\/v2\/types\/post"}],"author":[{"embeddable":true,"href":"https:\/\/fdp-aktiv.de\/blog\/wp-json\/wp\/v2\/users\/1"}],"replies":[{"embeddable":true,"href":"https:\/\/fdp-aktiv.de\/blog\/wp-json\/wp\/v2\/comments?post=1623"}],"version-history":[{"count":1,"href":"https:\/\/fdp-aktiv.de\/blog\/wp-json\/wp\/v2\/posts\/1623\/revisions"}],"predecessor-version":[{"id":1624,"href":"https:\/\/fdp-aktiv.de\/blog\/wp-json\/wp\/v2\/posts\/1623\/revisions\/1624"}],"wp:attachment":[{"href":"https:\/\/fdp-aktiv.de\/blog\/wp-json\/wp\/v2\/media?parent=1623"}],"wp:term":[{"taxonomy":"category","embeddable":true,"href":"https:\/\/fdp-aktiv.de\/blog\/wp-json\/wp\/v2\/categories?post=1623"},{"taxonomy":"post_tag","embeddable":true,"href":"https:\/\/fdp-aktiv.de\/blog\/wp-json\/wp\/v2\/tags?post=1623"}],"curies":[{"name":"wp","href":"https:\/\/api.w.org\/{rel}","templated":true}]}}