{"id":1625,"date":"2021-06-13T06:21:35","date_gmt":"2021-06-13T04:21:35","guid":{"rendered":"https:\/\/fdp-aktiv.de\/blog\/?p=1625"},"modified":"2021-06-13T06:21:35","modified_gmt":"2021-06-13T04:21:35","slug":"stephan-holowaty-privatsphaere-ist-kein-verbrechen","status":"publish","type":"post","link":"https:\/\/fdp-aktiv.de\/blog\/2021\/06\/13\/stephan-holowaty-privatsphaere-ist-kein-verbrechen\/","title":{"rendered":"Stephan Holowaty: Privatsph\u00e4re ist kein Verbrechen"},"content":{"rendered":"<p>Zum Beschluss der GroKo heute im Bundestag, k\u00fcnftig Staatstrojaner gegen Menschen einzusetzen, die noch keine Straftaten begangen haben, erkl\u00e4rt der datenschutzpolitische Sprecher der FDP-Landtagsfraktion, <strong>Stephan Holowaty<\/strong>:<\/p>\n<figure style=\"width: 626px\" class=\"wp-caption alignnone\"><img loading=\"lazy\" decoding=\"async\" class=\"thumb image-max-width loaded\" src=\"https:\/\/image.freepik.com\/vektoren-kostenlos\/personenkarte-kartenillustration-fuer-kommunikation-und-soziale-netzwerke_1284-52201.jpg\" alt=\"Personenkarte. kartenillustration f\u00fcr kommunikation und soziale netzwerke Kostenlosen Vektoren\" width=\"626\" height=\"626\" data-pin-no-hover=\"true\" data-real-image=\"https:\/\/image.freepik.com\/vektoren-kostenlos\/personenkarte-kartenillustration-fuer-kommunikation-und-soziale-netzwerke_1284-52201.jpg\" data-src=\"https:\/\/img.freepik.com\/vektoren-kostenlos\/personenkarte-kartenillustration-fuer-kommunikation-und-soziale-netzwerke_1284-52201.jpg?size=338&amp;ext=jpg\" \/><figcaption class=\"wp-caption-text\">macrovector<\/figcaption><\/figure>\n<p>&nbsp;<\/p>\n<p>\u201eF\u00fcr uns Freien Demokraten sind die verfassungsrechtlich verankerten Freiheitsrechte und der Schutz der Privatsph\u00e4re unverhandelbar. Wer anlasslos und \u201aauf Vorrat\u2018 Handys und Computer infiltrieren und \u00fcberwachen will, ebnet den Weg zu einem \u201agl\u00e4sernen B\u00fcrger\u2018 ohne Privatsph\u00e4re.<\/p>\n<p>&nbsp;<\/p>\n<p>Die Sicherheit und die Integrit\u00e4t digitaler Kommunikation sind nicht blo\u00df ein Verfassungsrecht, sondern ganz zentral f\u00fcr die notwendigen Fortschritte im Bereich der Digitalisierung und das daf\u00fcr notwendige Vertrauen der B\u00fcrgerinnen und B\u00fcrger in digitale Dienste. Dies gilt auch f\u00fcr die von der EU geplanten Bestrebungen zur Aushebelung der Ende-zu-Ende-Verschl\u00fcsselung in der Kommunikation.<\/p>\n<p>&nbsp;<\/p>\n<p>Dies darf nicht durch eine massive Ausweitung digitaler \u00dcberwachung gef\u00e4hrdet werden. Die heute durch die Gro\u00dfe Koalition eingebrachte und beschlossene Ausweitung der Quellen-Telekommunikations\u00fcberwachung verpflichtet die Anbieter von Kommunikationsdiensten, bei der \u00dcberwachung mitzuwirken. Das ist die Grundlage f\u00fcr einen massiven Vertrauensverlust in unseren freiheitlichen Rechtsstaat. Die Gro\u00dfe Koalition hat die Bedenken von Providern, den Betreibern sozialer Netzwerke und auch juristischer Sachverst\u00e4ndiger ignoriert und am heutigen Tag eine Gesetzes\u00e4nderung auf den Weg gebracht. Das Ziel sollte eigentlich sein, IT-Sicherheitsl\u00fccken zu schlie\u00dfen und nicht das Ausnutzen von Sicherheitsl\u00fccken staatlicherseits zu legitimieren \u2013 denn der beste Schutz vor Cyberkriminalit\u00e4t ist eine integre IT-Sicherheitsstruktur.<\/p>\n<p>&nbsp;<\/p>\n<p>Die Gro\u00dfe Koalition und die EU \u00f6ffnen damit nicht nur Sicherheitsbeh\u00f6rden, sondern auch Kriminellen und ausl\u00e4ndischen Geheimdiensten T\u00fcr und Tor. Die Sicherheit im Internet wird deutlich geschw\u00e4cht, Cyberkriminelle ermutigt und B\u00fcrgerinnen und B\u00fcrger sowie Unternehmen in unserem Lande unter Generalverdacht gestellt. Privatsph\u00e4re ist kein Verbrechen!\u201c<\/p>\n<p>&nbsp;<\/p>\n","protected":false},"excerpt":{"rendered":"<p>Zum Beschluss der GroKo heute im Bundestag, k\u00fcnftig Staatstrojaner gegen Menschen einzusetzen, die noch keine Straftaten begangen haben, erkl\u00e4rt der datenschutzpolitische Sprecher der FDP-Landtagsfraktion, Stephan Holowaty: &nbsp; \u201eF\u00fcr uns Freien [&#8230;]<\/p>\n","protected":false},"author":1,"featured_media":0,"comment_status":"open","ping_status":"closed","sticky":false,"template":"","format":"standard","meta":{"footnotes":""},"categories":[68],"tags":[814,739,900,901,899,898],"class_list":["post-1625","post","type-post","status-publish","format-standard","hentry","category-digital","tag-fdp-lsh","tag-freiheitsrechte","tag-gheimdienste","tag-groko","tag-staatstrojaner","tag-stephan-holowaty"],"_links":{"self":[{"href":"https:\/\/fdp-aktiv.de\/blog\/wp-json\/wp\/v2\/posts\/1625","targetHints":{"allow":["GET"]}}],"collection":[{"href":"https:\/\/fdp-aktiv.de\/blog\/wp-json\/wp\/v2\/posts"}],"about":[{"href":"https:\/\/fdp-aktiv.de\/blog\/wp-json\/wp\/v2\/types\/post"}],"author":[{"embeddable":true,"href":"https:\/\/fdp-aktiv.de\/blog\/wp-json\/wp\/v2\/users\/1"}],"replies":[{"embeddable":true,"href":"https:\/\/fdp-aktiv.de\/blog\/wp-json\/wp\/v2\/comments?post=1625"}],"version-history":[{"count":1,"href":"https:\/\/fdp-aktiv.de\/blog\/wp-json\/wp\/v2\/posts\/1625\/revisions"}],"predecessor-version":[{"id":1626,"href":"https:\/\/fdp-aktiv.de\/blog\/wp-json\/wp\/v2\/posts\/1625\/revisions\/1626"}],"wp:attachment":[{"href":"https:\/\/fdp-aktiv.de\/blog\/wp-json\/wp\/v2\/media?parent=1625"}],"wp:term":[{"taxonomy":"category","embeddable":true,"href":"https:\/\/fdp-aktiv.de\/blog\/wp-json\/wp\/v2\/categories?post=1625"},{"taxonomy":"post_tag","embeddable":true,"href":"https:\/\/fdp-aktiv.de\/blog\/wp-json\/wp\/v2\/tags?post=1625"}],"curies":[{"name":"wp","href":"https:\/\/api.w.org\/{rel}","templated":true}]}}