{"id":1627,"date":"2021-06-13T06:29:52","date_gmt":"2021-06-13T04:29:52","guid":{"rendered":"https:\/\/fdp-aktiv.de\/blog\/?p=1627"},"modified":"2021-06-13T06:31:39","modified_gmt":"2021-06-13T04:31:39","slug":"sattelberger-kultusministerkonferenz-muss-hausaufgabenheft-abarbeiten","status":"publish","type":"post","link":"https:\/\/fdp-aktiv.de\/blog\/2021\/06\/13\/sattelberger-kultusministerkonferenz-muss-hausaufgabenheft-abarbeiten\/","title":{"rendered":"SATTELBERGER: Kultusministerkonferenz muss Hausaufgabenheft abarbeiten"},"content":{"rendered":"<div class=\"clearfix text-formatted field field--name-body field--type-text-with-summary field--label-hidden field__item\">\n<p>Zur Kultusministerkonferenz erkl\u00e4rt der bildungspolitische Sprecher der FDP-Fraktion Dr. h.c. Thomas Sattelberger:<\/p>\n<figure style=\"width: 626px\" class=\"wp-caption alignnone\"><img loading=\"lazy\" decoding=\"async\" class=\"thumb image-max-width loaded\" src=\"https:\/\/image.freepik.com\/fotos-kostenlos\/schueler-kennen-die-richtige-antwort_329181-14271.jpg\" alt=\"Sch\u00fcler kennen die richtige antwort Kostenlose Fotos\" width=\"626\" height=\"417\" data-pin-no-hover=\"true\" data-real-image=\"https:\/\/image.freepik.com\/fotos-kostenlos\/schueler-kennen-die-richtige-antwort_329181-14271.jpg\" data-src=\"https:\/\/img.freepik.com\/fotos-kostenlos\/schueler-kennen-die-richtige-antwort_329181-14271.jpg?size=338&amp;ext=jpg\" \/><figcaption class=\"wp-caption-text\"><a href=\"https:\/\/de.freepik.com\/fotos\/schule\">Schule Foto erstellt von gpointstudio &#8211; de.freepik.com<\/a><\/figcaption><\/figure>\n<p>\u201eDie Kultusministerkonferenz und der Bund m\u00fcssen endlich ihr Hausaufgabenheft abarbeiten. Es steht schlie\u00dflich genug drin, damit ab Herbst \u00fcberall pandemiefester Unterricht in Pr\u00e4senz m\u00f6glich sein kann. Daf\u00fcr brauchen die Schulen beispielsweise ausreichend mobile Luftfilter. Bundesbildungsministerin Karliczeks F\u00f6rderprogramm f\u00fcr fest eingebaute Luftfilter in Klassenr\u00e4umen greift dabei zu kurz und kommt nicht voran. So versteckt sich der Bund einmal mehr hinter z\u00e4hen b\u00fcrokratischen Verfahren, im Ergebnis ein Desaster wie schon beim Digitalpakt. Auch fl\u00e4chendeckende Lolli-Tests und schnellere Impfungen f\u00fcr Lehrkr\u00e4fte lassen weiter auf sich warten. Prinzipiell muss aber auch die Kultusministerkonferenz selbst radikal reformiert werden. Ziel sollte eine echte Bildungskonferenz sein, in der Bund, L\u00e4nder und Bildungsexperten innovative L\u00f6sungen entwickeln. Dazu geh\u00f6rt eine professionellere Leitung ohne j\u00e4hrlich wechselnden Vorsitz, die Abkehr vom Einstimmigkeitsprinzip sowie die Einbindung von unabh\u00e4ngigen Experten.\u201c<\/p>\n<p><img loading=\"lazy\" decoding=\"async\" class=\"n3VNCb\" src=\"https:\/\/upload.wikimedia.org\/wikipedia\/commons\/6\/64\/2020-02-14_Deutscher_Bundestag_IMG_3742_by_Stepro.jpg\" alt=\"Thomas Sattelberger \u2013 Wikipedia\" width=\"843\" height=\"562\" data-noaft=\"1\" \/><\/p>\n<p>&nbsp;<\/p>\n<\/div>\n","protected":false},"excerpt":{"rendered":"<p>Zur Kultusministerkonferenz erkl\u00e4rt der bildungspolitische Sprecher der FDP-Fraktion Dr. h.c. Thomas Sattelberger: \u201eDie Kultusministerkonferenz und der Bund m\u00fcssen endlich ihr Hausaufgabenheft abarbeiten. Es steht schlie\u00dflich genug drin, damit ab Herbst [&#8230;]<\/p>\n","protected":false},"author":1,"featured_media":0,"comment_status":"open","ping_status":"closed","sticky":false,"template":"","format":"standard","meta":{"footnotes":""},"categories":[34,68],"tags":[902,154,369],"class_list":["post-1627","post","type-post","status-publish","format-standard","hentry","category-bildung","category-digital","tag-praesenz","tag-schule","tag-thomas-sattelberger"],"_links":{"self":[{"href":"https:\/\/fdp-aktiv.de\/blog\/wp-json\/wp\/v2\/posts\/1627","targetHints":{"allow":["GET"]}}],"collection":[{"href":"https:\/\/fdp-aktiv.de\/blog\/wp-json\/wp\/v2\/posts"}],"about":[{"href":"https:\/\/fdp-aktiv.de\/blog\/wp-json\/wp\/v2\/types\/post"}],"author":[{"embeddable":true,"href":"https:\/\/fdp-aktiv.de\/blog\/wp-json\/wp\/v2\/users\/1"}],"replies":[{"embeddable":true,"href":"https:\/\/fdp-aktiv.de\/blog\/wp-json\/wp\/v2\/comments?post=1627"}],"version-history":[{"count":1,"href":"https:\/\/fdp-aktiv.de\/blog\/wp-json\/wp\/v2\/posts\/1627\/revisions"}],"predecessor-version":[{"id":1628,"href":"https:\/\/fdp-aktiv.de\/blog\/wp-json\/wp\/v2\/posts\/1627\/revisions\/1628"}],"wp:attachment":[{"href":"https:\/\/fdp-aktiv.de\/blog\/wp-json\/wp\/v2\/media?parent=1627"}],"wp:term":[{"taxonomy":"category","embeddable":true,"href":"https:\/\/fdp-aktiv.de\/blog\/wp-json\/wp\/v2\/categories?post=1627"},{"taxonomy":"post_tag","embeddable":true,"href":"https:\/\/fdp-aktiv.de\/blog\/wp-json\/wp\/v2\/tags?post=1627"}],"curies":[{"name":"wp","href":"https:\/\/api.w.org\/{rel}","templated":true}]}}