{"id":1643,"date":"2021-06-14T19:31:49","date_gmt":"2021-06-14T17:31:49","guid":{"rendered":"https:\/\/fdp-aktiv.de\/blog\/?p=1643"},"modified":"2021-06-14T19:31:49","modified_gmt":"2021-06-14T17:31:49","slug":"statement-stefan-birkner-zur-aktuellen-debatte-um-die-maskenpflicht","status":"publish","type":"post","link":"https:\/\/fdp-aktiv.de\/blog\/2021\/06\/14\/statement-stefan-birkner-zur-aktuellen-debatte-um-die-maskenpflicht\/","title":{"rendered":"Statement Stefan Birkner zur aktuellen Debatte um die Maskenpflicht"},"content":{"rendered":"<p>Zu der aktuellen Debatte um die Maskenpflicht sagt der Vorsitzende der nieders\u00e4chsischen FDP-Landtagsfraktion, Stefan Birkner:<\/p>\n<figure style=\"width: 626px\" class=\"wp-caption alignnone\"><img loading=\"lazy\" decoding=\"async\" class=\"thumb image-max-width loaded\" src=\"https:\/\/image.freepik.com\/free-photo\/people-walk-comercial-street-named-meritxell-after-covid19_181624-28812.jpg\" alt=\"Die Leute gehen in der Handelsstra\u00dfe namens Meritxell nach Covid19 spazieren Kostenlose Fotos\" width=\"626\" height=\"417\" data-pin-no-hover=\"true\" data-real-image=\"https:\/\/image.freepik.com\/free-photo\/people-walk-comercial-street-named-meritxell-after-covid19_181624-28812.jpg\" data-src=\"https:\/\/img.freepik.com\/free-photo\/people-walk-comercial-street-named-meritxell-after-covid19_181624-28812.jpg?size=338&amp;ext=jpg\" \/><figcaption class=\"wp-caption-text\"><a href=\"https:\/\/www.freepik.com\/photos\/winter\">Winter photo created by wirestock &#8211; www.freepik.com<\/a><\/figcaption><\/figure>\n<p>\u201eAngesichts der Inzidenzen sollte die Maskenpflicht im Freien aufgehoben werden. F\u00fcr Innenr\u00e4ume muss sie differenziert betrachtet werden. \u00dcberall dort, wo viele Menschen auf engem Raum zusammen sind, sollten wir weiterhin vorsichtig sein. Mehr Tempo und Konsequenz erwarte ich allerdings bei weiteren Lockerungen f\u00fcr die privaten Kontakte und f\u00fcr Kommunen bzw. Landkreise mit einer Inzidenz unter 10. Es ist nicht vermittelbar, dass die massiven Grundrechtseingriffe hier l\u00e4nger fortbestehen.\u201c<\/p>\n<p>&nbsp;<\/p>\n<p>&nbsp;<\/p>\n","protected":false},"excerpt":{"rendered":"<p>Zu der aktuellen Debatte um die Maskenpflicht sagt der Vorsitzende der nieders\u00e4chsischen FDP-Landtagsfraktion, Stefan Birkner: \u201eAngesichts der Inzidenzen sollte die Maskenpflicht im Freien aufgehoben werden. F\u00fcr Innenr\u00e4ume muss sie differenziert [&#8230;]<\/p>\n","protected":false},"author":1,"featured_media":0,"comment_status":"open","ping_status":"closed","sticky":false,"template":"","format":"standard","meta":{"footnotes":""},"categories":[4],"tags":[914,638,894,913],"class_list":["post-1643","post","type-post","status-publish","format-standard","hentry","category-covid-19","tag-aufhebung","tag-fdp-nds","tag-maskenpflicht","tag-stefan-birkner"],"_links":{"self":[{"href":"https:\/\/fdp-aktiv.de\/blog\/wp-json\/wp\/v2\/posts\/1643","targetHints":{"allow":["GET"]}}],"collection":[{"href":"https:\/\/fdp-aktiv.de\/blog\/wp-json\/wp\/v2\/posts"}],"about":[{"href":"https:\/\/fdp-aktiv.de\/blog\/wp-json\/wp\/v2\/types\/post"}],"author":[{"embeddable":true,"href":"https:\/\/fdp-aktiv.de\/blog\/wp-json\/wp\/v2\/users\/1"}],"replies":[{"embeddable":true,"href":"https:\/\/fdp-aktiv.de\/blog\/wp-json\/wp\/v2\/comments?post=1643"}],"version-history":[{"count":1,"href":"https:\/\/fdp-aktiv.de\/blog\/wp-json\/wp\/v2\/posts\/1643\/revisions"}],"predecessor-version":[{"id":1644,"href":"https:\/\/fdp-aktiv.de\/blog\/wp-json\/wp\/v2\/posts\/1643\/revisions\/1644"}],"wp:attachment":[{"href":"https:\/\/fdp-aktiv.de\/blog\/wp-json\/wp\/v2\/media?parent=1643"}],"wp:term":[{"taxonomy":"category","embeddable":true,"href":"https:\/\/fdp-aktiv.de\/blog\/wp-json\/wp\/v2\/categories?post=1643"},{"taxonomy":"post_tag","embeddable":true,"href":"https:\/\/fdp-aktiv.de\/blog\/wp-json\/wp\/v2\/tags?post=1643"}],"curies":[{"name":"wp","href":"https:\/\/api.w.org\/{rel}","templated":true}]}}