{"id":1645,"date":"2021-06-14T19:36:18","date_gmt":"2021-06-14T17:36:18","guid":{"rendered":"https:\/\/fdp-aktiv.de\/blog\/?p=1645"},"modified":"2021-06-14T19:36:18","modified_gmt":"2021-06-14T17:36:18","slug":"thueringen-verbindlicher-grundwortschatz-fuer-grundschulkinder","status":"publish","type":"post","link":"https:\/\/fdp-aktiv.de\/blog\/2021\/06\/14\/thueringen-verbindlicher-grundwortschatz-fuer-grundschulkinder\/","title":{"rendered":"Th\u00fcringen: Verbindlicher Grundwortschatz f\u00fcr Grundschulkinder"},"content":{"rendered":"<div class=\"clearfix text-formatted field field--name-body field--type-text-with-summary field--label-hidden field__item\">\n<p><strong>Vorschlag der FDP-Fraktion zur Gestaltung des Rechtschreibunterrichts \/ \u00d6ffentliche Expertenanh\u00f6rung im Landtag<\/strong><\/p>\n<figure style=\"width: 626px\" class=\"wp-caption aligncenter\"><img loading=\"lazy\" decoding=\"async\" class=\"thumb image-max-width loaded\" src=\"https:\/\/image.freepik.com\/free-photo\/kids-teacher-wearing-medical-masks-classroom_23-2148672132.jpg\" alt=\" Kostenloses Foto\" width=\"626\" height=\"208\" data-pin-no-hover=\"true\" data-real-image=\"https:\/\/image.freepik.com\/free-photo\/kids-teacher-wearing-medical-masks-classroom_23-2148672132.jpg\" data-src=\"https:\/\/img.freepik.com\/free-photo\/kids-teacher-wearing-medical-masks-classroom_23-2148672132.jpg?size=338&amp;ext=jpg\" \/><figcaption class=\"wp-caption-text\"><a href=\"https:\/\/www.freepik.com\/photos\/school\">School photo created by freepik &#8211; www.freepik.com<\/a><\/figcaption><\/figure>\n<p>Die Vermittlung von Lese- und Schreibkompetenzen ist und bleibt die zentrale Herausforderung an Grundschulen. Vor diesem Hintergrund schl\u00e4gt die FDP-Fraktion die Einf\u00fchrung eines verbindlichen Grundwortschatzes vor. Au\u00dferdem fordern die Freien Demokraten die Landesregierung auf, das breite Spektrum an Praxiserfahrungen und wissenschaftlichen Erkenntnissen zum Rechtschreibunterricht sach- und fachgerecht zu bewerten. In dieser Woche findet dazu eine \u00f6ffentliche Expertenanh\u00f6rung im Th\u00fcringer Landtag statt.<\/p>\n<p>\u201eDie Erkenntnis, dass manche Kinder am Ende der Grundschule nicht richtig lesen und schreiben k\u00f6nnen, ist bitter. Wir m\u00fcssen uns fragen, wie wir dies verhindern k\u00f6nnen. Am Ende der Grundschule sollten alle Sch\u00fclerinnen und Sch\u00fcler einen verbindlichen Grundwortschatz beherrschen. Daran lie\u00dfe sich messbar machen, wo jedes Kind steht, und vor allem ist damit die Zielsetzung klar definiert\u201c, sagt Franziska Baum, bildungspolitische Sprecherin der Freien Demokraten. \u201eGleichzeitig k\u00f6nnen die Lehrerinnen und Lehrern im Rahmen ihrer p\u00e4dagogischen Freiheit die Wege ausw\u00e4hlen, auf denen ihre Klassen das Ziel am besten erreichen.\u201c<\/p>\n<p><strong>Hintergrund<\/strong><br \/>\nIn anderen Bundesl\u00e4ndern wurde durch die Bestimmung eines Grundwortschatzes der Rahmen f\u00fcr den Rechtschreibunterricht bereits neu bestimmt.<br \/>\nIn NRW besteht der Rechtschreib-Wortschatz aus zwei Teilen:<br \/>\n1. Ein gemeinsamer systematischer Grundwortschatz mit Nachdenk- und Merkw\u00f6rtern. Er umfasst 533 W\u00f6rter, die alle grundschulrelevanten Rechtschreibph\u00e4nomene der deutschen Sprache widerspiegeln.<br \/>\n2. Ein individueller Wortschatz. Er umfasst etwa 200 W\u00f6rter, die f\u00fcr die einzelnen Kinder bedeutungsvoll und inhaltlich wichtig sind.<\/p>\n<p>Die Anh\u00f6rung am Freitag wird live \u00fcbertragen unter <a href=\"https:\/\/www.thueringer-landtag.de\/plenum\/landtag-live\/ausschusssitzungen-live\/\">https:\/\/www.thueringer-landtag.de\/plenum\/landtag-live\/ausschusssitzungen-live\/<\/a><\/p>\n<\/div>\n","protected":false},"excerpt":{"rendered":"<p>Vorschlag der FDP-Fraktion zur Gestaltung des Rechtschreibunterrichts \/ \u00d6ffentliche Expertenanh\u00f6rung im Landtag Die Vermittlung von Lese- und Schreibkompetenzen ist und bleibt die zentrale Herausforderung an Grundschulen. Vor diesem Hintergrund schl\u00e4gt [&#8230;]<\/p>\n","protected":false},"author":1,"featured_media":0,"comment_status":"open","ping_status":"closed","sticky":false,"template":"","format":"standard","meta":{"footnotes":""},"categories":[34],"tags":[665,915,916],"class_list":["post-1645","post","type-post","status-publish","format-standard","hentry","category-bildung","tag-franziska-baum","tag-grundschule","tag-grundwortschautz"],"_links":{"self":[{"href":"https:\/\/fdp-aktiv.de\/blog\/wp-json\/wp\/v2\/posts\/1645","targetHints":{"allow":["GET"]}}],"collection":[{"href":"https:\/\/fdp-aktiv.de\/blog\/wp-json\/wp\/v2\/posts"}],"about":[{"href":"https:\/\/fdp-aktiv.de\/blog\/wp-json\/wp\/v2\/types\/post"}],"author":[{"embeddable":true,"href":"https:\/\/fdp-aktiv.de\/blog\/wp-json\/wp\/v2\/users\/1"}],"replies":[{"embeddable":true,"href":"https:\/\/fdp-aktiv.de\/blog\/wp-json\/wp\/v2\/comments?post=1645"}],"version-history":[{"count":1,"href":"https:\/\/fdp-aktiv.de\/blog\/wp-json\/wp\/v2\/posts\/1645\/revisions"}],"predecessor-version":[{"id":1646,"href":"https:\/\/fdp-aktiv.de\/blog\/wp-json\/wp\/v2\/posts\/1645\/revisions\/1646"}],"wp:attachment":[{"href":"https:\/\/fdp-aktiv.de\/blog\/wp-json\/wp\/v2\/media?parent=1645"}],"wp:term":[{"taxonomy":"category","embeddable":true,"href":"https:\/\/fdp-aktiv.de\/blog\/wp-json\/wp\/v2\/categories?post=1645"},{"taxonomy":"post_tag","embeddable":true,"href":"https:\/\/fdp-aktiv.de\/blog\/wp-json\/wp\/v2\/tags?post=1645"}],"curies":[{"name":"wp","href":"https:\/\/api.w.org\/{rel}","templated":true}]}}