{"id":1693,"date":"2021-06-18T06:39:06","date_gmt":"2021-06-18T04:39:06","guid":{"rendered":"https:\/\/fdp-aktiv.de\/blog\/?p=1693"},"modified":"2023-02-12T07:07:56","modified_gmt":"2023-02-12T06:07:56","slug":"buschmann-gastbeitrag-das-klischee-der-digital-skepsis-ist-falsch","status":"publish","type":"post","link":"https:\/\/fdp-aktiv.de\/blog\/2021\/06\/18\/buschmann-gastbeitrag-das-klischee-der-digital-skepsis-ist-falsch\/","title":{"rendered":"BUSCHMANN-Gastbeitrag: Das Klischee der Digital-Skepsis ist falsch"},"content":{"rendered":"<div class=\"clearfix text-formatted field field--name-body field--type-text-with-summary field--label-hidden field__item\">\n<p>Der Erste Parlamentarische Gesch\u00e4ftsf\u00fchrer der FDP-Fraktion Dr. Marco Buschmann schrieb f\u00fcr die \u201eWelt\u201c (Donnerstagsausgabe) den folgenden Gastbeitrag:<\/p>\n<figure style=\"width: 510px\" class=\"wp-caption aligncenter\"><img loading=\"lazy\" decoding=\"async\" class=\"photo-result-image\" src=\"https:\/\/cdn.pixabay.com\/photo\/2020\/12\/29\/11\/51\/hand-5870353__340.jpg\" srcset=\"https:\/\/cdn.pixabay.com\/photo\/2020\/12\/29\/11\/51\/hand-5870353__340.jpg 1x, https:\/\/cdn.pixabay.com\/photo\/2020\/12\/29\/11\/51\/hand-5870353__480.jpg 2x\" alt=\"Hand, Lernen, Lernen Zu Hause, Kontakt\" width=\"510\" height=\"340\" data-lazy-srcset=\"https:\/\/cdn.pixabay.com\/photo\/2020\/12\/29\/11\/51\/hand-5870353__340.jpg 1x, https:\/\/cdn.pixabay.com\/photo\/2020\/12\/29\/11\/51\/hand-5870353__480.jpg 2x\" data-lazy=\"https:\/\/cdn.pixabay.com\/photo\/2020\/12\/29\/11\/51\/hand-5870353__340.jpg\" \/><figcaption class=\"wp-caption-text\">Bild: Pixabay.com<\/figcaption><\/figure>\n<p>Die Corona-Pandemie hat die Defizite bei der Digitalisierung unseres Landes schonungslos offengelegt. Zuerst wurden gravierende M\u00e4ngel bei der Digitalisierung des Gesundheitswesens sichtbar: Kontakte werden analog per Telefon und Fax nachverfolgt, Impftermine \u00fcber Telefonhotlines angeboten, und der versprochene digitale Impfausweis lie\u00df lange auf sich warten. So hat die fehlende staatliche digitale Infrastruktur die Pandemiebek\u00e4mpfung immens ausgebremst.<\/p>\n<p>Das merken auch die B\u00fcrgerinnen und B\u00fcrger. Die Ergebnisse des diesj\u00e4hrigen Digitalisierungsmonitors zeigen das deutlich. Seit vier Jahren bitten wir das renommierte Umfrageinstitut Forsa, die B\u00fcrger in Deutschland zur Digitalisierung zu befragen. Dabei wird eines besonders deutlich: Das gern bem\u00fchte Klischee von \u201etypisch deutscher\u201c Digital-Skepsis trifft nicht zu. Seit 2018 erwarten sich immer mehr B\u00fcrger vom digitalen Wandel mehr Vor- als Nachteile. Das gilt insbesondere f\u00fcr die Digitalisierung der Verwaltung. Mehr als zwei Drittel der Menschen erhofft sich dadurch bessere Lebensverh\u00e4ltnisse.<\/p>\n<p>Die B\u00fcrgerinnen und B\u00fcrger sind zu Recht unzufrieden mit der Digitalpolitik von Union und SPD. Nur wenige sind etwa mit dem Online-Angebot der Beh\u00f6rden zufrieden. Und mit 94 Prozent sind fast alle B\u00fcrgerinnen und B\u00fcrger der Meinung, dass die Corona-Pandemie diese Defizite nochmals st\u00e4rker aufzeigt. Wir halten fest: Bei der Digitalisierung unseres Landes geht die Schere zwischen Erwartungen und Realit\u00e4t weit auseinander.<\/p>\n<p>Eine neue Bundesregierung muss ab Herbst den Digitalisierungsturbo anwerfen. Aus der Privatwirtschaft sind wir es l\u00e4ngst gew\u00f6hnt, online Vertr\u00e4ge abzuschlie\u00dfen, Konten zu er\u00f6ffnen oder Autos zu mieten. Da ist es nicht mehr nachvollziehbar, dass Millionen von Menschen j\u00e4hrlich f\u00fcr einfache Beh\u00f6rdeng\u00e4nge wie eine Ummeldung des Wohnorts oder die Beantragung von Kindergeld praktisch Urlaub nehmen m\u00fcssen. Das muss digital \u00fcber eine einzige App funktionieren. Beispiel Zuteilung von Kita-Pl\u00e4tzen: Eltern verbringen unz\u00e4hlige Stunden damit, einen Platz zu suchen. Hier kann Software, die Kitas und Eltern vernetzt und die Anmeldung, Vergabe und Verwaltung von Pl\u00e4tzen orchestriert, einen gewaltigen Unterschied machen.<\/p>\n<p>Viele Ideen und Forderungen zur Digitalisierung der Verwaltung haben wir in den letzten vier Jahren im Deutschen Bundestag eingebracht. Doch die staatlichen Ebenen blockieren sich gegenseitig. Auch das haben die B\u00fcrger l\u00e4ngst erkannt, mehr als zwei Drittel der Menschen sieht unklare Verantwortlichkeiten zwischen Kommunen, L\u00e4ndern und Bund. Sie legen damit den Finger in die Wunde. Die durchgehend CDU\/CSU-gef\u00fchrte Bundesregierung hat die Digitalisierung des Staats in den vergangenen 16 Jahren bestenfalls systematisch verschlafen, oder sogar mutwillig verschleppt.<\/p>\n<p>F\u00fcr die FDP-Fraktion ist deshalb klar: \u201eGovernment as a platform\u201c muss als Leitmotiv oberste Priorit\u00e4t der n\u00e4chsten Bundesregierung werden. Nach innen m\u00fcssen Strukturen geschaffen werden, damit digitale Prozesse f\u00fcr L\u00e4nder und Kommunen zentral bereitstehen. Wir m\u00fcssen klare Standards etwa im Bereich von Datenschutz und -verarbeitung festlegen und Schnittstellen f\u00fcr ihren Austausch etablieren. Deutschland braucht gewisserma\u00dfen einen App-Store f\u00fcr seinen Staat auf allen Ebenen, koordiniert am besten durch ein Digitalministerium. Dann kann auch die digitale Verwaltung gelingen. Daf\u00fcr wollen wir eine universelle \u201eDeutschland-App\u201c, mit der alle Beh\u00f6rdeng\u00e4nge unmittelbar und unkompliziert von Smartphone, Tablet oder Laptop erledigt werden k\u00f6nnen. So wird der Staat endlich zum digitalen Dienstleister f\u00fcr seine B\u00fcrgerinnen und B\u00fcrger.<\/p>\n<p>Die trauen der gro\u00dfen Koalition solch gro\u00dfe Spr\u00fcnge nicht zu: Fast zwei Drittel der Deutschen rechnen fr\u00fchestens in zehn Jahren damit, einen Gro\u00dfteil ihrer Verwaltungsanliegen vollst\u00e4ndig online erledigen zu k\u00f6nnen. Wir verstehen das als Arbeitsauftrag. Wirtschaft und Gesellschaft sind dem Staat voraus. Sie wollen eine moderne, digitale Verwaltung. Ihre Erwartungen d\u00fcrfen nicht l\u00e4nger entt\u00e4uscht werden, sonst verspielt die Politik ihre digitalpolitische Glaubw\u00fcrdigkeit endg\u00fcltig. Daf\u00fcr braucht es einen Politikwechsel. Unser digitalpolitisches Betriebssystem braucht ein Update.<\/p>\n<\/div>\n","protected":false},"excerpt":{"rendered":"<p>Der Erste Parlamentarische Gesch\u00e4ftsf\u00fchrer der FDP-Fraktion Dr. Marco Buschmann schrieb f\u00fcr die \u201eWelt\u201c (Donnerstagsausgabe) den folgenden Gastbeitrag: Die Corona-Pandemie hat die Defizite bei der Digitalisierung unseres Landes schonungslos offengelegt. Zuerst [&#8230;]<\/p>\n","protected":false},"author":1,"featured_media":0,"comment_status":"open","ping_status":"closed","sticky":false,"template":"","format":"standard","meta":{"footnotes":""},"categories":[34,68],"tags":[155,955,1604,75],"class_list":["post-1693","post","type-post","status-publish","format-standard","hentry","category-bildung","category-digital","tag-digitalisierung","tag-digitalpolitik","tag-dr-marco-buschmann","tag-pandemie"],"_links":{"self":[{"href":"https:\/\/fdp-aktiv.de\/blog\/wp-json\/wp\/v2\/posts\/1693","targetHints":{"allow":["GET"]}}],"collection":[{"href":"https:\/\/fdp-aktiv.de\/blog\/wp-json\/wp\/v2\/posts"}],"about":[{"href":"https:\/\/fdp-aktiv.de\/blog\/wp-json\/wp\/v2\/types\/post"}],"author":[{"embeddable":true,"href":"https:\/\/fdp-aktiv.de\/blog\/wp-json\/wp\/v2\/users\/1"}],"replies":[{"embeddable":true,"href":"https:\/\/fdp-aktiv.de\/blog\/wp-json\/wp\/v2\/comments?post=1693"}],"version-history":[{"count":1,"href":"https:\/\/fdp-aktiv.de\/blog\/wp-json\/wp\/v2\/posts\/1693\/revisions"}],"predecessor-version":[{"id":1694,"href":"https:\/\/fdp-aktiv.de\/blog\/wp-json\/wp\/v2\/posts\/1693\/revisions\/1694"}],"wp:attachment":[{"href":"https:\/\/fdp-aktiv.de\/blog\/wp-json\/wp\/v2\/media?parent=1693"}],"wp:term":[{"taxonomy":"category","embeddable":true,"href":"https:\/\/fdp-aktiv.de\/blog\/wp-json\/wp\/v2\/categories?post=1693"},{"taxonomy":"post_tag","embeddable":true,"href":"https:\/\/fdp-aktiv.de\/blog\/wp-json\/wp\/v2\/tags?post=1693"}],"curies":[{"name":"wp","href":"https:\/\/api.w.org\/{rel}","templated":true}]}}