{"id":1695,"date":"2021-06-18T06:50:26","date_gmt":"2021-06-18T04:50:26","guid":{"rendered":"https:\/\/fdp-aktiv.de\/blog\/?p=1695"},"modified":"2021-06-18T06:50:26","modified_gmt":"2021-06-18T04:50:26","slug":"stirboeck-chance-auf-schnelles-internet-in-hessen-vertan","status":"publish","type":"post","link":"https:\/\/fdp-aktiv.de\/blog\/2021\/06\/18\/stirboeck-chance-auf-schnelles-internet-in-hessen-vertan\/","title":{"rendered":"STIRB\u00d6CK: Chance auf schnelles Internet in Hessen vertan"},"content":{"rendered":"<div class=\"clearfix text-formatted field field--name-body field--type-text-with-summary field--label-hidden field__item\">\n<ul>\n<li><strong>Landesregierung lehnt Gigabit-Gutscheine ab<\/strong><\/li>\n<li><strong>Versorgung in Hessen ist nur mittelm\u00e4\u00dfig<\/strong><\/li>\n<li><strong>Freie Demokraten k\u00e4mpfen weiter f\u00fcr Top-Glasfasernetz<\/strong><\/li>\n<\/ul>\n<p><img decoding=\"async\" src=\"https:\/\/cdn.pixabay.com\/photo\/2021\/05\/20\/06\/02\/patch-panel-6267783_960_720.jpg\" srcset=\"https:\/\/cdn.pixabay.com\/photo\/2021\/05\/20\/06\/02\/patch-panel-6267783_960_720.jpg 1x, https:\/\/cdn.pixabay.com\/photo\/2021\/05\/20\/06\/02\/patch-panel-6267783_1280.jpg 2x\" alt=\"Patchpanel, Internet, Kabel, Verbindung, Glasfaser\" width=\"960\" height=\"720.0000000000018\" \/><\/p>\n<p>WIESBADEN \u2013 Oliver STIRB\u00d6CK, digitalpolitischer Sprecher der Fraktion der Freien Demokraten im Hessischen Landtag, hat entt\u00e4uscht auf das Nein der schwarz-gr\u00fcnen Koalition zur Einf\u00fchrung von Gigabit-Gutscheinen reagiert, nachdem ein entsprechender Antrag der Freien Demokraten heute im digitalpolitischen Ausschuss des Landtags abgelehnt worden war. \u201eDie Landesregierung und die sie tragenden Fraktionen verpasst Chance, den Glasfaserausbau in Hessen voranzubringen. Dabei k\u00f6nnten Gigabit-Gutscheine den Ausbau schneller Internetanschl\u00fcsse effizient und kosteng\u00fcnstig vorantreiben.\u201c<\/p>\n<\/div>\n<p>&nbsp;<\/p>\n<div class=\"clearfix text-formatted field field--name-body field--type-text-with-summary field--label-hidden field__item\">\n<p>Die Landesregierung schiebe beihilferechtliche Bedenken vor. Dabei zeigen Beispiele aus anderen EU-Staaten, dass solche Gutscheine beihilferechtlich durchaus m\u00f6glich sind\u201c, \u00e4rgert sich Stirb\u00f6ck. \u201eWenn die Landesregierung weiter auf ausgetretenen Pfaden unterwegs ist, wird das Internet in Hessen nicht schneller. Es ist vollkommen unverst\u00e4ndlich, dass sich das Digitalisierungsministerium noch f\u00fcr eine Versorgung mit 50 Megabit pro Sekunde feiert.\u00a0 Die Ministerin gibt sich offensichtlich mit mittelm\u00e4\u00dfiger Versorgung zufrieden, anstatt an die Netze der Zukunft zu denken: 50 Megabit pro Sekunde reichen f\u00fcr den Privatnutzer von heute, aber nicht f\u00fcr das Leben und Wirtschaften von morgen\u201c, erkl\u00e4rt Stirb\u00f6ck und verspricht: \u201eDie Freien Demokraten werden sich weiter daf\u00fcr einsetzen, dass Hessen ein Top-Glasfasernetz bekommt und die Breitband-F\u00f6rderung unb\u00fcrokratischer wird.\u201c<\/p>\n<\/div>\n","protected":false},"excerpt":{"rendered":"<p>Landesregierung lehnt Gigabit-Gutscheine ab Versorgung in Hessen ist nur mittelm\u00e4\u00dfig Freie Demokraten k\u00e4mpfen weiter f\u00fcr Top-Glasfasernetz WIESBADEN \u2013 Oliver STIRB\u00d6CK, digitalpolitischer Sprecher der Fraktion der Freien Demokraten im Hessischen Landtag, [&#8230;]<\/p>\n","protected":false},"author":1,"featured_media":0,"comment_status":"open","ping_status":"closed","sticky":false,"template":"","format":"standard","meta":{"footnotes":""},"categories":[68],"tags":[635,957,956,660],"class_list":["post-1695","post","type-post","status-publish","format-standard","hentry","category-digital","tag-fdp-hessen","tag-gigabit","tag-glasfaserausbau","tag-oliver-stirboeck"],"_links":{"self":[{"href":"https:\/\/fdp-aktiv.de\/blog\/wp-json\/wp\/v2\/posts\/1695","targetHints":{"allow":["GET"]}}],"collection":[{"href":"https:\/\/fdp-aktiv.de\/blog\/wp-json\/wp\/v2\/posts"}],"about":[{"href":"https:\/\/fdp-aktiv.de\/blog\/wp-json\/wp\/v2\/types\/post"}],"author":[{"embeddable":true,"href":"https:\/\/fdp-aktiv.de\/blog\/wp-json\/wp\/v2\/users\/1"}],"replies":[{"embeddable":true,"href":"https:\/\/fdp-aktiv.de\/blog\/wp-json\/wp\/v2\/comments?post=1695"}],"version-history":[{"count":1,"href":"https:\/\/fdp-aktiv.de\/blog\/wp-json\/wp\/v2\/posts\/1695\/revisions"}],"predecessor-version":[{"id":1696,"href":"https:\/\/fdp-aktiv.de\/blog\/wp-json\/wp\/v2\/posts\/1695\/revisions\/1696"}],"wp:attachment":[{"href":"https:\/\/fdp-aktiv.de\/blog\/wp-json\/wp\/v2\/media?parent=1695"}],"wp:term":[{"taxonomy":"category","embeddable":true,"href":"https:\/\/fdp-aktiv.de\/blog\/wp-json\/wp\/v2\/categories?post=1695"},{"taxonomy":"post_tag","embeddable":true,"href":"https:\/\/fdp-aktiv.de\/blog\/wp-json\/wp\/v2\/tags?post=1695"}],"curies":[{"name":"wp","href":"https:\/\/api.w.org\/{rel}","templated":true}]}}