{"id":1789,"date":"2021-06-25T17:17:24","date_gmt":"2021-06-25T15:17:24","guid":{"rendered":"https:\/\/fdp-aktiv.de\/blog\/?p=1789"},"modified":"2021-06-25T17:20:06","modified_gmt":"2021-06-25T15:20:06","slug":"fdp-berlin-initiative-deutsche-wohnen-und-co-enteignen","status":"publish","type":"post","link":"https:\/\/fdp-aktiv.de\/blog\/2021\/06\/25\/fdp-berlin-initiative-deutsche-wohnen-und-co-enteignen\/","title":{"rendered":"Berlin: Initiative \u201eDeutsche Wohnen und Co enteignen\u201c"},"content":{"rendered":"<p><strong>BERLIN:<\/strong>\u00a0Sebastian\u00a0Czaja, Vorsitzender der FDP-Fraktion im Abgeordnetenhaus von Berlin, zur heutigen \u00dcbergabe von \u00fcber 343.000 Unterschriften der Initiative \u201eDeutsche Wohnen und Co enteignen\u201c an die Senatsverwaltung f\u00fcr Inneres:<\/p>\n<figure style=\"width: 960px\" class=\"wp-caption alignnone\"><img loading=\"lazy\" decoding=\"async\" src=\"https:\/\/cdn.pixabay.com\/photo\/2017\/05\/23\/05\/55\/property-2336321_960_720.jpg\" srcset=\"https:\/\/cdn.pixabay.com\/photo\/2017\/05\/23\/05\/55\/property-2336321_960_720.jpg 1x, https:\/\/cdn.pixabay.com\/photo\/2017\/05\/23\/05\/55\/property-2336321_1280.jpg 2x\" alt=\"Eigentum, Bau, Geb\u00e4ude, Ferienwohnungen\" width=\"960\" height=\"640\" \/><figcaption class=\"wp-caption-text\">Beispielfoto: Imagemaringaus \/ pixabay.de<\/figcaption><\/figure>\n<p><em>&#8220;Deutsche Wohnen &amp; Co enteignen&#8221; hat es mit fadenscheinigen Argumenten und fragw\u00fcrdigen Mitteln wom\u00f6glich geschafft, die notwendige Anzahl an g\u00fcltigen Unterschriften zu sammeln. Dabei streuen Sie den Menschen Sand in die Augen. Dass die Ausgaben von 36 Mrd. Euro unsere Stadt in den finanziellen Ruin f\u00fchren, dass dadurch tausende Jobs in Gefahr geraten und wir ins Risiko laufen, die zentrale Daseinsf\u00fcrsorge unserer Stadt nicht mehr bezahlen zu k\u00f6nnen, das verschweigen die Aktivisten. Durch ihren ideologischen Eifer verblendet, f\u00fchren sie eine Kampagne, die mit der Realit\u00e4t nichts zu tun hat. Alle demokratischen Parteien sind jetzt angehalten, klar Stellung zu diesem Angriff auf unsere Grundrechte zu beziehen. Gerade die unklare Haltung der Gr\u00fcnen, die nicht bereit sind, f\u00fcr die Wahrung unserer Grundrechte wahltaktische Spiele sein zu lassen, richtet Schaden am gesellschaftlichen Klima unserer Stadt an.<\/em><\/p>\n","protected":false},"excerpt":{"rendered":"<p>BERLIN:\u00a0Sebastian\u00a0Czaja, Vorsitzender der FDP-Fraktion im Abgeordnetenhaus von Berlin, zur heutigen \u00dcbergabe von \u00fcber 343.000 Unterschriften der Initiative \u201eDeutsche Wohnen und Co enteignen\u201c an die Senatsverwaltung f\u00fcr Inneres: &#8220;Deutsche Wohnen &amp; [&#8230;]<\/p>\n","protected":false},"author":1,"featured_media":0,"comment_status":"open","ping_status":"closed","sticky":false,"template":"","format":"standard","meta":{"footnotes":""},"categories":[8],"tags":[1032,706,148,1033],"class_list":["post-1789","post","type-post","status-publish","format-standard","hentry","category-wirtschaft","tag-deutsche-wohnen","tag-fdp-berlin","tag-initiative","tag-kampagne"],"_links":{"self":[{"href":"https:\/\/fdp-aktiv.de\/blog\/wp-json\/wp\/v2\/posts\/1789","targetHints":{"allow":["GET"]}}],"collection":[{"href":"https:\/\/fdp-aktiv.de\/blog\/wp-json\/wp\/v2\/posts"}],"about":[{"href":"https:\/\/fdp-aktiv.de\/blog\/wp-json\/wp\/v2\/types\/post"}],"author":[{"embeddable":true,"href":"https:\/\/fdp-aktiv.de\/blog\/wp-json\/wp\/v2\/users\/1"}],"replies":[{"embeddable":true,"href":"https:\/\/fdp-aktiv.de\/blog\/wp-json\/wp\/v2\/comments?post=1789"}],"version-history":[{"count":2,"href":"https:\/\/fdp-aktiv.de\/blog\/wp-json\/wp\/v2\/posts\/1789\/revisions"}],"predecessor-version":[{"id":1791,"href":"https:\/\/fdp-aktiv.de\/blog\/wp-json\/wp\/v2\/posts\/1789\/revisions\/1791"}],"wp:attachment":[{"href":"https:\/\/fdp-aktiv.de\/blog\/wp-json\/wp\/v2\/media?parent=1789"}],"wp:term":[{"taxonomy":"category","embeddable":true,"href":"https:\/\/fdp-aktiv.de\/blog\/wp-json\/wp\/v2\/categories?post=1789"},{"taxonomy":"post_tag","embeddable":true,"href":"https:\/\/fdp-aktiv.de\/blog\/wp-json\/wp\/v2\/tags?post=1789"}],"curies":[{"name":"wp","href":"https:\/\/api.w.org\/{rel}","templated":true}]}}