{"id":1824,"date":"2021-06-30T17:53:27","date_gmt":"2021-06-30T15:53:27","guid":{"rendered":"https:\/\/fdp-aktiv.de\/blog\/?p=1824"},"modified":"2021-06-30T17:53:35","modified_gmt":"2021-06-30T15:53:35","slug":"sloweniens-eu-ratspraesidentschaft-steht-unter-bewaehrungsdruck","status":"publish","type":"post","link":"https:\/\/fdp-aktiv.de\/blog\/2021\/06\/30\/sloweniens-eu-ratspraesidentschaft-steht-unter-bewaehrungsdruck\/","title":{"rendered":"Sloweniens EU-Ratspr\u00e4sidentschaft steht unter Bew\u00e4hrungsdruck"},"content":{"rendered":"<div class=\"clearfix text-formatted field field--name-body field--type-text-with-summary field--label-hidden field__item\">\n<p>Zur slowenischen EU-Ratspr\u00e4sidentschaft erkl\u00e4rt der europapolitische Sprecher der FDP-Fraktion Michael Georg Link:<\/p>\n<figure id=\"attachment_1825\" aria-describedby=\"caption-attachment-1825\" style=\"width: 960px\" class=\"wp-caption alignnone\"><img loading=\"lazy\" decoding=\"async\" class=\"size-full wp-image-1825\" src=\"https:\/\/fdp-aktiv.de\/blog\/wp-content\/uploads\/2021\/06\/Slovenien_Flagge.png\" alt=\"Slovenien_Flagge\" width=\"960\" height=\"540\" srcset=\"https:\/\/fdp-aktiv.de\/blog\/wp-content\/uploads\/2021\/06\/Slovenien_Flagge.png 960w, https:\/\/fdp-aktiv.de\/blog\/wp-content\/uploads\/2021\/06\/Slovenien_Flagge-300x169.png 300w, https:\/\/fdp-aktiv.de\/blog\/wp-content\/uploads\/2021\/06\/Slovenien_Flagge-768x432.png 768w\" sizes=\"auto, (max-width: 960px) 100vw, 960px\" \/><figcaption id=\"caption-attachment-1825\" class=\"wp-caption-text\">Slovenien Flagge Bild: Jorono \/ Pixabay.de<\/figcaption><\/figure>\n<p>\u201eSlowenien hat ein ambitioniertes Programm f\u00fcr seine EU-Ratspr\u00e4sidentschaft vorgelegt. Darin findet sich viel Sinnvolles zur wirtschaftlichen Erholung in der EU. In einem zentralen Punkt bleibt Sloweniens Ministerpr\u00e4sident Janez Jansa jedoch auffallend zur\u00fcckhaltend: beim unmissverst\u00e4ndlichen Einsatz f\u00fcr die Rechtsstaatlichkeit in allen EU-Staaten. Statt politisch-pers\u00f6nliche Sympathie f\u00fcr Viktor Orban zu zeigen, m\u00fcsste Jansa die Diskriminierung sexueller Minderheiten und die Angriffe auf die Pressefreiheit in Ungarn deutlich kritisieren. Vor allem sollte Jansa in Slowenien selbst seine Angriffe auf die Medienfreiheit einstellen und endlich Sloweniens Verpflichtungen im Rahmen der neugeschaffenen Europ\u00e4ischen Staatsanwaltschaft umsetzen. Sloweniens EU-Ratspr\u00e4sidentschaft steht eindeutig unter Bew\u00e4hrungsdruck. Ein deutlicher Warnschuss der christdemokratischen Regierungschefs der EVP an ihren Kollegen Jansa w\u00e4re jetzt wichtig.\u201c<\/p>\n<\/div>\n","protected":false},"excerpt":{"rendered":"<p>Zur slowenischen EU-Ratspr\u00e4sidentschaft erkl\u00e4rt der europapolitische Sprecher der FDP-Fraktion Michael Georg Link: \u201eSlowenien hat ein ambitioniertes Programm f\u00fcr seine EU-Ratspr\u00e4sidentschaft vorgelegt. Darin findet sich viel Sinnvolles zur wirtschaftlichen Erholung in [&#8230;]<\/p>\n","protected":false},"author":1,"featured_media":0,"comment_status":"open","ping_status":"closed","sticky":false,"template":"","format":"standard","meta":{"footnotes":""},"categories":[5],"tags":[720,1052],"class_list":["post-1824","post","type-post","status-publish","format-standard","hentry","category-aussenpolitik","tag-michael-georg-link","tag-slowenien"],"_links":{"self":[{"href":"https:\/\/fdp-aktiv.de\/blog\/wp-json\/wp\/v2\/posts\/1824","targetHints":{"allow":["GET"]}}],"collection":[{"href":"https:\/\/fdp-aktiv.de\/blog\/wp-json\/wp\/v2\/posts"}],"about":[{"href":"https:\/\/fdp-aktiv.de\/blog\/wp-json\/wp\/v2\/types\/post"}],"author":[{"embeddable":true,"href":"https:\/\/fdp-aktiv.de\/blog\/wp-json\/wp\/v2\/users\/1"}],"replies":[{"embeddable":true,"href":"https:\/\/fdp-aktiv.de\/blog\/wp-json\/wp\/v2\/comments?post=1824"}],"version-history":[{"count":1,"href":"https:\/\/fdp-aktiv.de\/blog\/wp-json\/wp\/v2\/posts\/1824\/revisions"}],"predecessor-version":[{"id":1826,"href":"https:\/\/fdp-aktiv.de\/blog\/wp-json\/wp\/v2\/posts\/1824\/revisions\/1826"}],"wp:attachment":[{"href":"https:\/\/fdp-aktiv.de\/blog\/wp-json\/wp\/v2\/media?parent=1824"}],"wp:term":[{"taxonomy":"category","embeddable":true,"href":"https:\/\/fdp-aktiv.de\/blog\/wp-json\/wp\/v2\/categories?post=1824"},{"taxonomy":"post_tag","embeddable":true,"href":"https:\/\/fdp-aktiv.de\/blog\/wp-json\/wp\/v2\/tags?post=1824"}],"curies":[{"name":"wp","href":"https:\/\/api.w.org\/{rel}","templated":true}]}}