{"id":1827,"date":"2021-06-30T22:00:37","date_gmt":"2021-06-30T20:00:37","guid":{"rendered":"https:\/\/fdp-aktiv.de\/blog\/?p=1827"},"modified":"2021-06-30T22:00:37","modified_gmt":"2021-06-30T20:00:37","slug":"ifo-geschaeftsklimaindex-gute-nachrichten-gute-aussichten","status":"publish","type":"post","link":"https:\/\/fdp-aktiv.de\/blog\/2021\/06\/30\/ifo-geschaeftsklimaindex-gute-nachrichten-gute-aussichten\/","title":{"rendered":"Ifo-Gesch\u00e4ftsklimaindex: Gute Nachrichten \u2013 gute Aussichten"},"content":{"rendered":"<div class=\"clearfix text-formatted field field--name-body field--type-text-with-summary field--label-hidden field__item\">\n<p>Die Stimmung der ostdeutschen Unternehmen verbesserte sich in den vergangenen Wochen kr\u00e4ftig, insbesondere im Handel sowie im Dienstleistungssektor. Das geht aus dem heute ver\u00f6ffentlichten Gesch\u00e4ftsklimaindex des ifo-Instituts hervor. Dazu erkl\u00e4rt Thomas L. Kemmerich, Vorsitzender der FDP-Fraktion im Th\u00fcringer Landtag:<\/p>\n<figure id=\"attachment_1828\" aria-describedby=\"caption-attachment-1828\" style=\"width: 800px\" class=\"wp-caption alignnone\"><img loading=\"lazy\" decoding=\"async\" class=\"size-large wp-image-1828\" src=\"https:\/\/fdp-aktiv.de\/blog\/wp-content\/uploads\/2021\/06\/pedestrian-zone-347468_1280-1024x730.jpg\" alt=\"Beispiel Einkaufsmeile\" width=\"800\" height=\"570\" srcset=\"https:\/\/fdp-aktiv.de\/blog\/wp-content\/uploads\/2021\/06\/pedestrian-zone-347468_1280-1024x730.jpg 1024w, https:\/\/fdp-aktiv.de\/blog\/wp-content\/uploads\/2021\/06\/pedestrian-zone-347468_1280-300x214.jpg 300w, https:\/\/fdp-aktiv.de\/blog\/wp-content\/uploads\/2021\/06\/pedestrian-zone-347468_1280-768x548.jpg 768w, https:\/\/fdp-aktiv.de\/blog\/wp-content\/uploads\/2021\/06\/pedestrian-zone-347468_1280.jpg 1280w\" sizes=\"auto, (max-width: 800px) 100vw, 800px\" \/><figcaption id=\"caption-attachment-1828\" class=\"wp-caption-text\">Beispiel Einkaufsmeile Joergelman \/ Pixabay.de<\/figcaption><\/figure>\n<p>\u201eDie guten Meldungen und die gute Stimmung d\u00fcrfen nicht der Unsicherheit weichen, im Herbst erneut in einen Lockdown zu stolpern. Jetzt kommt es darauf an, den durch die Corona-Krise gebeutelten Unternehmen so viele Steine als m\u00f6glich aus dem Weg zu r\u00e4umen, damit sie sich wieder dauerhaft positiv entwickeln k\u00f6nnen. W\u00e4hrend der bisherigen Lockdowns mussten viele Betriebe schlie\u00dfen, obwohl sie zuverl\u00e4ssige Hygienekonzepte hatten. Wenn die Politik diese Einsatzbereitschaft k\u00fcnftig nicht honoriert, verspielt sie ihre Glaubw\u00fcrdigkeit. Die Ungleichbehandlung der Branchen geh\u00f6rt abgeschafft.\u201c<\/p>\n<\/div>\n","protected":false},"excerpt":{"rendered":"<p>Die Stimmung der ostdeutschen Unternehmen verbesserte sich in den vergangenen Wochen kr\u00e4ftig, insbesondere im Handel sowie im Dienstleistungssektor. Das geht aus dem heute ver\u00f6ffentlichten Gesch\u00e4ftsklimaindex des ifo-Instituts hervor. Dazu erkl\u00e4rt [&#8230;]<\/p>\n","protected":false},"author":1,"featured_media":0,"comment_status":"open","ping_status":"closed","sticky":false,"template":"","format":"standard","meta":{"footnotes":""},"categories":[8],"tags":[669,1054,1053,271],"class_list":["post-1827","post","type-post","status-publish","format-standard","hentry","category-wirtschaft","tag-fdp-thueringen","tag-geschaeftsklimaindex","tag-ifo","tag-thomas-kemmerich"],"_links":{"self":[{"href":"https:\/\/fdp-aktiv.de\/blog\/wp-json\/wp\/v2\/posts\/1827","targetHints":{"allow":["GET"]}}],"collection":[{"href":"https:\/\/fdp-aktiv.de\/blog\/wp-json\/wp\/v2\/posts"}],"about":[{"href":"https:\/\/fdp-aktiv.de\/blog\/wp-json\/wp\/v2\/types\/post"}],"author":[{"embeddable":true,"href":"https:\/\/fdp-aktiv.de\/blog\/wp-json\/wp\/v2\/users\/1"}],"replies":[{"embeddable":true,"href":"https:\/\/fdp-aktiv.de\/blog\/wp-json\/wp\/v2\/comments?post=1827"}],"version-history":[{"count":1,"href":"https:\/\/fdp-aktiv.de\/blog\/wp-json\/wp\/v2\/posts\/1827\/revisions"}],"predecessor-version":[{"id":1829,"href":"https:\/\/fdp-aktiv.de\/blog\/wp-json\/wp\/v2\/posts\/1827\/revisions\/1829"}],"wp:attachment":[{"href":"https:\/\/fdp-aktiv.de\/blog\/wp-json\/wp\/v2\/media?parent=1827"}],"wp:term":[{"taxonomy":"category","embeddable":true,"href":"https:\/\/fdp-aktiv.de\/blog\/wp-json\/wp\/v2\/categories?post=1827"},{"taxonomy":"post_tag","embeddable":true,"href":"https:\/\/fdp-aktiv.de\/blog\/wp-json\/wp\/v2\/tags?post=1827"}],"curies":[{"name":"wp","href":"https:\/\/api.w.org\/{rel}","templated":true}]}}