{"id":1838,"date":"2021-07-01T09:45:19","date_gmt":"2021-07-01T07:45:19","guid":{"rendered":"https:\/\/fdp-aktiv.de\/blog\/?p=1838"},"modified":"2021-07-01T09:45:19","modified_gmt":"2021-07-01T07:45:19","slug":"stuttgart-gruen-schwarze-selbstbedienung-unter-dem-corona-deckmantel","status":"publish","type":"post","link":"https:\/\/fdp-aktiv.de\/blog\/2021\/07\/01\/stuttgart-gruen-schwarze-selbstbedienung-unter-dem-corona-deckmantel\/","title":{"rendered":"Stuttgart: Gr\u00fcn-schwarze Selbstbedienung unter dem Corona-Deckmantel"},"content":{"rendered":"<p>Rekordhaushalt, Rekordliquidit\u00e4t: In Wahrheit kann diese Koalition einfach nicht mit Geld umgehen<\/p>\n<figure style=\"width: 960px\" class=\"wp-caption alignnone\"><img loading=\"lazy\" decoding=\"async\" src=\"https:\/\/cdn.pixabay.com\/photo\/2020\/03\/24\/16\/21\/syringe-4964598_960_720.jpg\" srcset=\"https:\/\/cdn.pixabay.com\/photo\/2020\/03\/24\/16\/21\/syringe-4964598_960_720.jpg 1x, https:\/\/cdn.pixabay.com\/photo\/2020\/03\/24\/16\/21\/syringe-4964598_1280.jpg 2x\" alt=\"Spritze, Impfstoff, Kosten, Corona, Coronavirus, Virus\" width=\"960\" height=\"460\" \/><figcaption class=\"wp-caption-text\">Geralt \/ pixabay.de<\/figcaption><\/figure>\n<p>&nbsp;<\/p>\n<p>Der Vorsitzende der FDP\/DVP Fraktion, <strong>Dr. Hans-Ulrich R\u00fclke,<\/strong> kritisierte im Landtag die vorgestellten Pl\u00e4ne f\u00fcr den Nachtragshaushalt, der im Juli beraten und verabschiedet werden soll. Insbesondere die nochmalige Selbstbedienung am Katastrophenmechanismus der Schuldenbremse unter dem Deckmantel der Corona-Bek\u00e4mpfung r\u00fcckt er in den Fokus seiner Ausf\u00fchrungen: \u201eEine Regierung, die der Bev\u00f6lkerung ernsthaft wei\u00df machen will, sie k\u00f6nne angesichts eines Haushalts von weit \u00fcber 50 Milliarden, mindestens 20 Milliarden liquiden Mitteln und einem Jahr im teilweisen Lockdown keine Mittel einsparen und so eine weitere Schuldenaufnahme verhindern, hat schon zu Beginn abgewirtschaftet\u201c, so R\u00fclke. Tats\u00e4chlich sei es so, dass Gr\u00fcne und CDU einfach nicht mit Geld umgehen k\u00f6nnten und \u00fcberhaupt keine Sparma\u00dfnahmen wollten.<\/p>\n<p>Die dahinterstehende Haltung, dass alles, was durch Corona auch an Ausgaben ausgel\u00f6st wurde, mit dem normalen Haushalt nichts zu tun habe und man daher im Grunde weitermachen k\u00f6nne wie bis 2020, geht aber klar an der Erwartung der Menschen in diesem Land vorbei. Die aktuelle Haushaltspolitik zeige, dass die Regierung diese Pandemie quasi als eine Art Betriebsunfall behandele.<\/p>\n<p>Und so werde auch die neue Regierung gebildet: wieder neue Stellen, dazu wieder mehr Staatssekret\u00e4re, nun schon mehr als man \u00fcberhaupt Ministerien hat. Und dazu wieder mehr Stellen f\u00fcr die Ministerien. So als w\u00e4re nichts gewesen. Dazu Hans-Ulrich R\u00fclke: \u201eDie Regierungsbildung zeigt exemplarisch, dass die gr\u00fcn-schwarze Koalition noch in der alten Welt verhaftet ist. Mehr Stellen, mehr Staatssekret\u00e4re, mehr Kosten und mehr Schulden \u2013 die gr\u00fcn-schwarze Selbstbedienung geht weiter \u2013 nur jetzt mit Corona-Deckm\u00e4ntelchen.\u201c<\/p>\n<p>&nbsp;<\/p>\n","protected":false},"excerpt":{"rendered":"<p>Rekordhaushalt, Rekordliquidit\u00e4t: In Wahrheit kann diese Koalition einfach nicht mit Geld umgehen &nbsp; Der Vorsitzende der FDP\/DVP Fraktion, Dr. Hans-Ulrich R\u00fclke, kritisierte im Landtag die vorgestellten Pl\u00e4ne f\u00fcr den Nachtragshaushalt, [&#8230;]<\/p>\n","protected":false},"author":1,"featured_media":0,"comment_status":"open","ping_status":"closed","sticky":false,"template":"","format":"standard","meta":{"footnotes":""},"categories":[4,55],"tags":[1064,16,842,650,1062,1063,1065],"class_list":["post-1838","post","type-post","status-publish","format-standard","hentry","category-covid-19","category-finanzen","tag-bekaempfung","tag-corona","tag-dr-hans-ulrich-ruelke","tag-fdp-dvp","tag-rekordhaushalt","tag-rekordliquiditaet","tag-sparmassnahmen"],"_links":{"self":[{"href":"https:\/\/fdp-aktiv.de\/blog\/wp-json\/wp\/v2\/posts\/1838","targetHints":{"allow":["GET"]}}],"collection":[{"href":"https:\/\/fdp-aktiv.de\/blog\/wp-json\/wp\/v2\/posts"}],"about":[{"href":"https:\/\/fdp-aktiv.de\/blog\/wp-json\/wp\/v2\/types\/post"}],"author":[{"embeddable":true,"href":"https:\/\/fdp-aktiv.de\/blog\/wp-json\/wp\/v2\/users\/1"}],"replies":[{"embeddable":true,"href":"https:\/\/fdp-aktiv.de\/blog\/wp-json\/wp\/v2\/comments?post=1838"}],"version-history":[{"count":1,"href":"https:\/\/fdp-aktiv.de\/blog\/wp-json\/wp\/v2\/posts\/1838\/revisions"}],"predecessor-version":[{"id":1839,"href":"https:\/\/fdp-aktiv.de\/blog\/wp-json\/wp\/v2\/posts\/1838\/revisions\/1839"}],"wp:attachment":[{"href":"https:\/\/fdp-aktiv.de\/blog\/wp-json\/wp\/v2\/media?parent=1838"}],"wp:term":[{"taxonomy":"category","embeddable":true,"href":"https:\/\/fdp-aktiv.de\/blog\/wp-json\/wp\/v2\/categories?post=1838"},{"taxonomy":"post_tag","embeddable":true,"href":"https:\/\/fdp-aktiv.de\/blog\/wp-json\/wp\/v2\/tags?post=1838"}],"curies":[{"name":"wp","href":"https:\/\/api.w.org\/{rel}","templated":true}]}}