{"id":1862,"date":"2021-07-05T12:15:04","date_gmt":"2021-07-05T10:15:04","guid":{"rendered":"https:\/\/fdp-aktiv.de\/blog\/?p=1862"},"modified":"2021-07-05T12:15:04","modified_gmt":"2021-07-05T10:15:04","slug":"freiheitseinschraenkungen-fuer-vollstaendig-geimpfte","status":"publish","type":"post","link":"https:\/\/fdp-aktiv.de\/blog\/2021\/07\/05\/freiheitseinschraenkungen-fuer-vollstaendig-geimpfte\/","title":{"rendered":"Freiheitseinschr\u00e4nkungen f\u00fcr vollst\u00e4ndig Geimpfte"},"content":{"rendered":"<p>Zur Debatte \u00fcber Corona-Ma\u00dfnahmen f\u00fcr Geimpfte erkl\u00e4rt die gesundheitspolitische Sprecherin der FDP-Fraktion Christine Aschenberg-Dugnus:<\/p>\n<figure style=\"width: 960px\" class=\"wp-caption alignnone\"><img loading=\"lazy\" decoding=\"async\" src=\"https:\/\/cdn.pixabay.com\/photo\/2020\/11\/26\/16\/04\/vaccine-5779405_960_720.png\" srcset=\"https:\/\/cdn.pixabay.com\/photo\/2020\/11\/26\/16\/04\/vaccine-5779405_960_720.png 1x, https:\/\/cdn.pixabay.com\/photo\/2020\/11\/26\/16\/04\/vaccine-5779405_1280.png 2x\" alt=\"Impfstoff, Spritze, Covid-19, Fl\u00e4schchen, Heilung\" width=\"960\" height=\"640\" \/><figcaption class=\"wp-caption-text\">Bild: blende12 \/ pixabay.de<\/figcaption><\/figure>\n<p>&nbsp;<\/p>\n<p>\u201eWenn von Personen keine Gefahr mehr ausgeht, m\u00fcssen Grundrechtseinschr\u00e4nkungen zur\u00fcckgenommen werden. Sobald also allen Impfwilligen ein Impfangebot gemacht werden kann, darf es keine tiefgehenden Freiheitseinschr\u00e4nkungen mehr f\u00fcr vollst\u00e4ndig Geimpfte geben. Allerdings m\u00fcssen wir diejenigen, die nicht geimpft werden k\u00f6nnen wie Schwerkranke und Kinder, weiterhin sch\u00fctzen. Daf\u00fcr kann beispielsweise das Tragen einer Maske im \u00f6ffentlichen Personennahverkehr weiterhin n\u00f6tig sein. Dort kann nicht kontrolliert werden, wer tats\u00e4chlich geimpft oder genesen ist. Dies gilt, solange wir keine Herdenimmunit\u00e4t erreicht haben. Wichtig ist, durch eine gute Kommunikation unentschlossene Menschen von den Vorteilen einer Impfung zu \u00fcberzeugen. Mobile Impfteams k\u00f6nnen bei der Aufkl\u00e4rung helfen und die Impfungen durchf\u00fchren. Die Bundesregierung muss daf\u00fcr den Sommer nutzen. Auch m\u00fcssen schon jetzt ausreichend Auffrischungsimpfungen f\u00fcr den Herbst organisiert werden.\u201c<\/p>\n","protected":false},"excerpt":{"rendered":"<p>Zur Debatte \u00fcber Corona-Ma\u00dfnahmen f\u00fcr Geimpfte erkl\u00e4rt die gesundheitspolitische Sprecherin der FDP-Fraktion Christine Aschenberg-Dugnus: &nbsp; \u201eWenn von Personen keine Gefahr mehr ausgeht, m\u00fcssen Grundrechtseinschr\u00e4nkungen zur\u00fcckgenommen werden. Sobald also allen Impfwilligen [&#8230;]<\/p>\n","protected":false},"author":1,"featured_media":0,"comment_status":"open","ping_status":"closed","sticky":false,"template":"","format":"standard","meta":{"footnotes":""},"categories":[4,123],"tags":[540,306,10],"class_list":["post-1862","post","type-post","status-publish","format-standard","hentry","category-covid-19","category-gesundheit","tag-christine-aschenberg-dugnus","tag-corona-massnahmen","tag-covid"],"_links":{"self":[{"href":"https:\/\/fdp-aktiv.de\/blog\/wp-json\/wp\/v2\/posts\/1862","targetHints":{"allow":["GET"]}}],"collection":[{"href":"https:\/\/fdp-aktiv.de\/blog\/wp-json\/wp\/v2\/posts"}],"about":[{"href":"https:\/\/fdp-aktiv.de\/blog\/wp-json\/wp\/v2\/types\/post"}],"author":[{"embeddable":true,"href":"https:\/\/fdp-aktiv.de\/blog\/wp-json\/wp\/v2\/users\/1"}],"replies":[{"embeddable":true,"href":"https:\/\/fdp-aktiv.de\/blog\/wp-json\/wp\/v2\/comments?post=1862"}],"version-history":[{"count":1,"href":"https:\/\/fdp-aktiv.de\/blog\/wp-json\/wp\/v2\/posts\/1862\/revisions"}],"predecessor-version":[{"id":1863,"href":"https:\/\/fdp-aktiv.de\/blog\/wp-json\/wp\/v2\/posts\/1862\/revisions\/1863"}],"wp:attachment":[{"href":"https:\/\/fdp-aktiv.de\/blog\/wp-json\/wp\/v2\/media?parent=1862"}],"wp:term":[{"taxonomy":"category","embeddable":true,"href":"https:\/\/fdp-aktiv.de\/blog\/wp-json\/wp\/v2\/categories?post=1862"},{"taxonomy":"post_tag","embeddable":true,"href":"https:\/\/fdp-aktiv.de\/blog\/wp-json\/wp\/v2\/tags?post=1862"}],"curies":[{"name":"wp","href":"https:\/\/api.w.org\/{rel}","templated":true}]}}